{"id":100003994,"date":"2025-02-20T09:20:59","date_gmt":"2025-02-20T08:20:59","guid":{"rendered":"https:\/\/swissholdings.ch\/fr\/?p=100003994"},"modified":"2025-02-25T10:56:19","modified_gmt":"2025-02-25T09:56:19","slug":"lapercu-de-la-session-de-printemps-2025","status":"publish","type":"post","link":"https:\/\/swissholdings.ch\/fr\/lapercu-de-la-session-de-printemps-2025\/","title":{"rendered":"L\u2019aper\u00e7u de la session de printemps 2025"},"content":{"rendered":"\t\t<div data-elementor-type=\"wp-post\" data-elementor-id=\"100003994\" class=\"elementor elementor-100003994\" data-elementor-post-type=\"post\">\n\t\t\t\t\t\t<section class=\"elementor-section elementor-top-section elementor-element elementor-element-9e3e772 elementor-section-boxed elementor-section-height-default elementor-section-height-default\" data-id=\"9e3e772\" data-element_type=\"section\">\n\t\t\t\t\t\t<div class=\"elementor-container elementor-column-gap-default\">\n\t\t\t\t\t<div class=\"elementor-column elementor-col-100 elementor-top-column elementor-element elementor-element-f9d2815\" data-id=\"f9d2815\" data-element_type=\"column\">\n\t\t\t<div class=\"elementor-widget-wrap elementor-element-populated\">\n\t\t\t\t\t\t<div class=\"elementor-element elementor-element-7b0a243 elementor-widget elementor-widget-text-editor\" data-id=\"7b0a243\" data-element_type=\"widget\" data-widget_type=\"text-editor.default\">\n\t\t\t\t<div class=\"elementor-widget-container\">\n\t\t\t\t\t\t\t\t\t<p><img fetchpriority=\"high\" decoding=\"async\" class=\"aligncenter size-full wp-image-100004035\" src=\"https:\/\/swissholdings.ch\/fr\/wp-content\/uploads\/sites\/3\/2025\/02\/03-01_Session-de-printemps_W.png\" alt=\"\" width=\"1500\" height=\"500\" srcset=\"https:\/\/swissholdings.ch\/fr\/wp-content\/uploads\/sites\/3\/2025\/02\/03-01_Session-de-printemps_W.png 1500w, https:\/\/swissholdings.ch\/fr\/wp-content\/uploads\/sites\/3\/2025\/02\/03-01_Session-de-printemps_W-300x100.png 300w, https:\/\/swissholdings.ch\/fr\/wp-content\/uploads\/sites\/3\/2025\/02\/03-01_Session-de-printemps_W-1024x341.png 1024w, https:\/\/swissholdings.ch\/fr\/wp-content\/uploads\/sites\/3\/2025\/02\/03-01_Session-de-printemps_W-768x256.png 768w, https:\/\/swissholdings.ch\/fr\/wp-content\/uploads\/sites\/3\/2025\/02\/03-01_Session-de-printemps_W-758x253.png 758w\" sizes=\"(max-width: 1500px) 100vw, 1500px\" \/><\/p><p>L\u2019aper\u00e7u de la session de SwissHoldings informe sur les affaires \u00e0 venir de la session de printemps 2025, qui seront trait\u00e9es au Conseil national et au Conseil des Etats. L\u2019aper\u00e7u contient un bref description des affaires, du d\u00e9roulement jusqu\u2019\u00e0 pr\u00e9sent et des positions de notre association.<\/p><p><img decoding=\"async\" class=\"aligncenter wp-image-100007199\" src=\"https:\/\/swissholdings.ch\/wp-content\/uploads\/2023\/07\/02.02-Banner-Sessionsticker-Sommersession-DE-GRAU-2.png\" alt=\"\" width=\"240\" height=\"80\" \/><\/p>\t\t\t\t\t\t\t\t<\/div>\n\t\t\t\t<\/div>\n\t\t\t\t<div class=\"elementor-element elementor-element-d26246a elementor-align-center elementor-widget elementor-widget-button\" data-id=\"d26246a\" data-element_type=\"widget\" data-widget_type=\"button.default\">\n\t\t\t\t<div class=\"elementor-widget-container\">\n\t\t\t\t\t\t\t\t\t<div class=\"elementor-button-wrapper\">\n\t\t\t\t\t<a class=\"elementor-button elementor-button-link elementor-size-sm\" href=\"https:\/\/swissholdings.ch\/fr\/wp-content\/uploads\/sites\/3\/2025\/02\/20250220_SH-Sessionsticker_Fr\u00fchjahrsession_2025_FR.pdf\" target=\"_blank\">\n\t\t\t\t\t\t<span class=\"elementor-button-content-wrapper\">\n\t\t\t\t\t\t\t\t\t<span class=\"elementor-button-text\">Aper\u00e7u de la Session en format PDF<\/span>\n\t\t\t\t\t<\/span>\n\t\t\t\t\t<\/a>\n\t\t\t\t<\/div>\n\t\t\t\t\t\t\t\t<\/div>\n\t\t\t\t<\/div>\n\t\t\t\t<div class=\"elementor-element elementor-element-51b73bf elementor-widget elementor-widget-spacer\" data-id=\"51b73bf\" data-element_type=\"widget\" data-widget_type=\"spacer.default\">\n\t\t\t\t<div class=\"elementor-widget-container\">\n\t\t\t\t\t\t\t<div class=\"elementor-spacer\">\n\t\t\t<div class=\"elementor-spacer-inner\"><\/div>\n\t\t<\/div>\n\t\t\t\t\t\t<\/div>\n\t\t\t\t<\/div>\n\t\t\t\t<div class=\"elementor-element elementor-element-07459f0 elementor-toc--minimized-on-tablet elementor-widget elementor-widget-table-of-contents\" data-id=\"07459f0\" data-element_type=\"widget\" data-settings=\"{&quot;exclude_headings_by_selector&quot;:[],&quot;marker_view&quot;:&quot;bullets&quot;,&quot;icon&quot;:{&quot;value&quot;:&quot;&quot;,&quot;library&quot;:&quot;&quot;},&quot;headings_by_tags&quot;:[&quot;h2&quot;,&quot;h3&quot;,&quot;h4&quot;,&quot;h5&quot;,&quot;h6&quot;],&quot;no_headings_message&quot;:&quot;Aucun titre n\\u2019a \\u00e9t\\u00e9 trouv\\u00e9 sur cette page.&quot;,&quot;minimize_box&quot;:&quot;yes&quot;,&quot;minimized_on&quot;:&quot;tablet&quot;,&quot;hierarchical_view&quot;:&quot;yes&quot;,&quot;min_height&quot;:{&quot;unit&quot;:&quot;px&quot;,&quot;size&quot;:&quot;&quot;,&quot;sizes&quot;:[]},&quot;min_height_tablet&quot;:{&quot;unit&quot;:&quot;px&quot;,&quot;size&quot;:&quot;&quot;,&quot;sizes&quot;:[]},&quot;min_height_mobile&quot;:{&quot;unit&quot;:&quot;px&quot;,&quot;size&quot;:&quot;&quot;,&quot;sizes&quot;:[]}}\" data-widget_type=\"table-of-contents.default\">\n\t\t\t\t<div class=\"elementor-widget-container\">\n\t\t\t\t\t\t\t<div class=\"elementor-toc__header\">\n\t\t\t<h6 class=\"elementor-toc__header-title\">\n\t\t\t\tContenu\t\t\t<\/h6>\n\t\t\t\t\t\t\t<div class=\"elementor-toc__toggle-button elementor-toc__toggle-button--expand\" role=\"button\" tabindex=\"0\" aria-controls=\"elementor-toc__07459f0\" aria-expanded=\"true\" aria-label=\"Ouvrir la table des mati\u00e8res\"><i aria-hidden=\"true\" class=\"fas fa-chevron-down\"><\/i><\/div>\n\t\t\t\t<div class=\"elementor-toc__toggle-button elementor-toc__toggle-button--collapse\" role=\"button\" tabindex=\"0\" aria-controls=\"elementor-toc__07459f0\" aria-expanded=\"true\" aria-label=\"Fermer la table des mati\u00e8res\"><i aria-hidden=\"true\" class=\"fas fa-chevron-up\"><\/i><\/div>\n\t\t\t\t\t<\/div>\n\t\t<div id=\"elementor-toc__07459f0\" class=\"elementor-toc__body\">\n\t\t\t<div class=\"elementor-toc__spinner-container\">\n\t\t\t\t<i class=\"elementor-toc__spinner eicon-animation-spin eicon-loading\" aria-hidden=\"true\"><\/i>\t\t\t<\/div>\n\t\t<\/div>\n\t\t\t\t\t\t<\/div>\n\t\t\t\t<\/div>\n\t\t\t\t<div class=\"elementor-element elementor-element-4015722 elementor-widget elementor-widget-heading\" data-id=\"4015722\" data-element_type=\"widget\" data-widget_type=\"heading.default\">\n\t\t\t\t<div class=\"elementor-widget-container\">\n\t\t\t\t\t<h4 class=\"elementor-heading-title elementor-size-default\">Conseil national<\/h4>\t\t\t\t<\/div>\n\t\t\t\t<\/div>\n\t\t\t\t<div class=\"elementor-element elementor-element-bf3059f elementor-widget elementor-widget-text-editor\" data-id=\"bf3059f\" data-element_type=\"widget\" data-widget_type=\"text-editor.default\">\n\t\t\t\t<div class=\"elementor-widget-container\">\n\t\t\t\t\t\t\t\t\t<h5><a href=\"https:\/\/www.parlament.ch\/fr\/ratsbetrieb\/suche-curia-vista\/geschaeft?AffairId=20240073\">24.073<\/a> Mise en \u0153uvre et financement de l&#8217;initiative pour une 13e rente AVS<\/h5><p><span lang=\"EN-GB\"><strong>Recommandation<\/strong><\/span><\/p><p>SwissHoldings recommande d&#8217;entrer en mati\u00e8re sur le projet du Conseil f\u00e9d\u00e9ral visant \u00e0 am\u00e9nager la 13e rente AVS en un versement unique annuel et de l&#8217;approuver mat\u00e9riellement. Nous suivons ainsi les d\u00e9cisions du Conseil des Etats et de la Commission de la s\u00e9curit\u00e9 sociale et de la sant\u00e9 publique du Conseil national.<\/p><p>\u00c0 l&#8217;ordre du jour le <strong>3 mars 2025<\/strong><\/p>\t\t\t\t\t\t\t\t<\/div>\n\t\t\t\t<\/div>\n\t\t\t\t<div class=\"elementor-element elementor-element-3dc6ad8 elementor-widget elementor-widget-toggle\" data-id=\"3dc6ad8\" data-element_type=\"widget\" data-widget_type=\"toggle.default\">\n\t\t\t\t<div class=\"elementor-widget-container\">\n\t\t\t\t\t\t\t<div class=\"elementor-toggle\">\n\t\t\t\t\t\t\t<div class=\"elementor-toggle-item\">\n\t\t\t\t\t<div id=\"elementor-tab-title-6471\" class=\"elementor-tab-title\" data-tab=\"1\" role=\"button\" aria-controls=\"elementor-tab-content-6471\" aria-expanded=\"false\">\n\t\t\t\t\t\t\t\t\t\t\t\t<span class=\"elementor-toggle-icon elementor-toggle-icon-left\" aria-hidden=\"true\">\n\t\t\t\t\t\t\t\t\t\t\t\t\t\t\t<span class=\"elementor-toggle-icon-closed\"><i class=\"fas fa-caret-right\"><\/i><\/span>\n\t\t\t\t\t\t\t\t<span class=\"elementor-toggle-icon-opened\"><i class=\"elementor-toggle-icon-opened fas fa-caret-up\"><\/i><\/span>\n\t\t\t\t\t\t\t\t\t\t\t\t\t<\/span>\n\t\t\t\t\t\t\t\t\t\t\t\t<a class=\"elementor-toggle-title\" tabindex=\"0\">Contenu<\/a>\n\t\t\t\t\t<\/div>\n\n\t\t\t\t\t<div id=\"elementor-tab-content-6471\" class=\"elementor-tab-content elementor-clearfix\" data-tab=\"1\" role=\"region\" aria-labelledby=\"elementor-tab-title-6471\"><p>La mise en \u0153uvre et le financement de la 13e rente AVS se compose de trois projets. Le projet 1 traite de la mise en \u0153uvre de la 13e rente de vieillesse (une 13e rente mensuelle par an), le projet 2 traite du financement de la 13e rente de vieillesse et le projet 3 traite de l&#8217;arr\u00eat\u00e9 f\u00e9d\u00e9ral sur le financement additionnel de l&#8217;AVS par une augmentation de la TVA.<\/p><p>Le 4 d\u00e9cembre 2024, le Conseil des Etats a d\u00e9battu du projet. Il a approuv\u00e9 la proposition du Conseil f\u00e9d\u00e9ral d&#8217;introduire la 13e rente AVS, vers\u00e9e pour la premi\u00e8re fois en 2026. La question du financement doit \u00eatre trait\u00e9e par la commission du Conseil des Etats en 2025. Comme le Conseil des Etats lors de la session d&#8217;hiver, la commission du Conseil national a adopt\u00e9 \u00e0 l&#8217;unanimit\u00e9 le projet de mise en \u0153uvre de l&#8217;initiative pour une 13e rente AVS (<a href=\"https:\/\/www.parlament.ch\/fr\/ratsbetrieb\/suche-curia-vista\/geschaeft?AffairId=20240073\">24.073<\/a>, projet 1) lors du vote d&#8217;ensemble. La commission estime que les modalit\u00e9s et la date de versement de la 13e rente AVS propos\u00e9es par le Conseil f\u00e9d\u00e9ral sont raisonnables et pragmatiques. La 13e rente AVS sera vers\u00e9e une fois par an, en d\u00e9cembre, \u00e0 partir de 2026, aux personnes qui ont droit \u00e0 une rente de vieillesse. La 13e rente n&#8217;a aucune incidence sur le montant des rentes de vieillesse mensuelles et n&#8217;est pas prise en compte dans le calcul du revenu d\u00e9terminant pour l&#8217;octroi de prestations compl\u00e9mentaires.<\/p><\/div>\n\t\t\t\t<\/div>\n\t\t\t\t\t\t\t<div class=\"elementor-toggle-item\">\n\t\t\t\t\t<div id=\"elementor-tab-title-6472\" class=\"elementor-tab-title\" data-tab=\"2\" role=\"button\" aria-controls=\"elementor-tab-content-6472\" aria-expanded=\"false\">\n\t\t\t\t\t\t\t\t\t\t\t\t<span class=\"elementor-toggle-icon elementor-toggle-icon-left\" aria-hidden=\"true\">\n\t\t\t\t\t\t\t\t\t\t\t\t\t\t\t<span class=\"elementor-toggle-icon-closed\"><i class=\"fas fa-caret-right\"><\/i><\/span>\n\t\t\t\t\t\t\t\t<span class=\"elementor-toggle-icon-opened\"><i class=\"elementor-toggle-icon-opened fas fa-caret-up\"><\/i><\/span>\n\t\t\t\t\t\t\t\t\t\t\t\t\t<\/span>\n\t\t\t\t\t\t\t\t\t\t\t\t<a class=\"elementor-toggle-title\" tabindex=\"0\">\u00c9tat actuel<\/a>\n\t\t\t\t\t<\/div>\n\n\t\t\t\t\t<div id=\"elementor-tab-content-6472\" class=\"elementor-tab-content elementor-clearfix\" data-tab=\"2\" role=\"region\" aria-labelledby=\"elementor-tab-title-6472\"><p>Le 29 janvier 2025, la Commission du Conseil des Etats a trait\u00e9 en dernier lieu les projets 2 et 3, y compris les r\u00e9sultats correspondants des clarifications effectu\u00e9es par l&#8217;administration sur mandat de la commission. A cette occasion, la commission a confi\u00e9 d&#8217;autres mandats \u00e0 l&#8217;administration. La Commission du Conseil des Etats entend poursuivre ses travaux au cours du deuxi\u00e8me trimestre.<\/p><\/div>\n\t\t\t\t<\/div>\n\t\t\t\t\t\t\t<div class=\"elementor-toggle-item\">\n\t\t\t\t\t<div id=\"elementor-tab-title-6473\" class=\"elementor-tab-title\" data-tab=\"3\" role=\"button\" aria-controls=\"elementor-tab-content-6473\" aria-expanded=\"false\">\n\t\t\t\t\t\t\t\t\t\t\t\t<span class=\"elementor-toggle-icon elementor-toggle-icon-left\" aria-hidden=\"true\">\n\t\t\t\t\t\t\t\t\t\t\t\t\t\t\t<span class=\"elementor-toggle-icon-closed\"><i class=\"fas fa-caret-right\"><\/i><\/span>\n\t\t\t\t\t\t\t\t<span class=\"elementor-toggle-icon-opened\"><i class=\"elementor-toggle-icon-opened fas fa-caret-up\"><\/i><\/span>\n\t\t\t\t\t\t\t\t\t\t\t\t\t<\/span>\n\t\t\t\t\t\t\t\t\t\t\t\t<a class=\"elementor-toggle-title\" tabindex=\"0\">Position<\/a>\n\t\t\t\t\t<\/div>\n\n\t\t\t\t\t<div id=\"elementor-tab-content-6473\" class=\"elementor-tab-content elementor-clearfix\" data-tab=\"3\" role=\"region\" aria-labelledby=\"elementor-tab-title-6473\"><p>SwissHoldings a salu\u00e9 cette d\u00e9cision :<\/p><ul><li>que l&#8217;am\u00e9nagement doit se faire sous forme d&#8217;une 13e rente mensuelle explicite ;<\/li><li>que les d\u00e9penses suppl\u00e9mentaires de l&#8217;AVS doivent \u00eatre financ\u00e9es exclusivement par l&#8217;augmentation de la TVA ;<\/li><li>qu&#8217;il est pr\u00e9vu de r\u00e9duire la contribution f\u00e9d\u00e9rale li\u00e9e au financement de la 13e rente AVS de 20,2 \u00e0 19,5%.<\/li><\/ul><p>Parall\u00e8lement, SwissHoldings attire l&#8217;attention sur le fait qu&#8217;avec la mise en \u0153uvre de l&#8217;imposition minimale de l&#8217;OCDE, la place \u00e9conomique suisse a perdu de son attractivit\u00e9 en raison de la charge fiscale plus \u00e9lev\u00e9e. D&#8217;autres facteurs d&#8217;implantation deviennent donc de plus en plus importants. Les charges salariales annexes, telles que les cotisations salariales aux assurances sociales, augmentent les co\u00fbts salariaux de la place \u00e9conomique suisse et sont directement r\u00e9percut\u00e9es par les employeurs sur les salaires des employ\u00e9s (c&#8217;est-\u00e0-dire des salaires plus bas pour les employ\u00e9s locaux). Cela vaut pour les cotisations des salari\u00e9s, mais bien entendu aussi pour celles des employeurs. Les charges salariales accessoires basses en comparaison internationale sont un avantage de la Suisse qu&#8217;il faut absolument pr\u00e9server. A cet effet, SwissHoldings souligne l&#8217;importance de la stabilit\u00e9 et de la s\u00e9curit\u00e9 juridique, dont font partie des co\u00fbts salariaux accessoires stables.<\/p><\/div>\n\t\t\t\t<\/div>\n\t\t\t\t\t\t\t<div class=\"elementor-toggle-item\">\n\t\t\t\t\t<div id=\"elementor-tab-title-6474\" class=\"elementor-tab-title\" data-tab=\"4\" role=\"button\" aria-controls=\"elementor-tab-content-6474\" aria-expanded=\"false\">\n\t\t\t\t\t\t\t\t\t\t\t\t<span class=\"elementor-toggle-icon elementor-toggle-icon-left\" aria-hidden=\"true\">\n\t\t\t\t\t\t\t\t\t\t\t\t\t\t\t<span class=\"elementor-toggle-icon-closed\"><i class=\"fas fa-caret-right\"><\/i><\/span>\n\t\t\t\t\t\t\t\t<span class=\"elementor-toggle-icon-opened\"><i class=\"elementor-toggle-icon-opened fas fa-caret-up\"><\/i><\/span>\n\t\t\t\t\t\t\t\t\t\t\t\t\t<\/span>\n\t\t\t\t\t\t\t\t\t\t\t\t<a class=\"elementor-toggle-title\" tabindex=\"0\">Contact<\/a>\n\t\t\t\t\t<\/div>\n\n\t\t\t\t\t<div id=\"elementor-tab-content-6474\" class=\"elementor-tab-content elementor-clearfix\" data-tab=\"4\" role=\"region\" aria-labelledby=\"elementor-tab-title-6474\"><p><strong>Martin Hess<\/strong>\u00a0\u00a0 \u00a0Responsable du d\u00e9partement fiscalit\u00e9 &amp; Membre du Comit\u00e9 Ex\u00e9cutif<br \/>\u2709\u00a0 \u00a0<a href=\"mailto:martin.hess@swissholdings.ch\">martin.hess@swissholdings.ch<\/a><br \/><span style=\"color: #000000\">\u260e\u00a0\u00a0 +41 (0)78 805 04 95<br \/><\/span><\/p><\/div>\n\t\t\t\t<\/div>\n\t\t\t\t\t\t\t\t<\/div>\n\t\t\t\t\t\t<\/div>\n\t\t\t\t<\/div>\n\t\t\t\t<div class=\"elementor-element elementor-element-bb738e7 elementor-widget-divider--view-line elementor-widget elementor-widget-divider\" data-id=\"bb738e7\" data-element_type=\"widget\" data-widget_type=\"divider.default\">\n\t\t\t\t<div class=\"elementor-widget-container\">\n\t\t\t\t\t\t\t<div class=\"elementor-divider\">\n\t\t\t<span class=\"elementor-divider-separator\">\n\t\t\t\t\t\t<\/span>\n\t\t<\/div>\n\t\t\t\t\t\t<\/div>\n\t\t\t\t<\/div>\n\t\t\t\t<div class=\"elementor-element elementor-element-3f35f37 elementor-widget elementor-widget-text-editor\" data-id=\"3f35f37\" data-element_type=\"widget\" data-widget_type=\"text-editor.default\">\n\t\t\t\t<div class=\"elementor-widget-container\">\n\t\t\t\t\t\t\t\t\t<h5><a href=\"https:\/\/www.parlament.ch\/fr\/ratsbetrieb\/suche-curia-vista\/geschaeft?AffairId=20240057\">24.057<\/a>\u00a0Doubles impositions. Convention avec l\u2019Angola<br \/><a href=\"https:\/\/www.parlament.ch\/fr\/ratsbetrieb\/suche-curia-vista\/geschaeft?AffairId=20240059\">24.059<\/a> Doubles impositions. Convention avec l&#8217;Allemagne<br \/><a href=\"https:\/\/www.parlament.ch\/fr\/ratsbetrieb\/suche-curia-vista\/geschaeft?AffairId=20240062\">24.062<\/a>\u00a0Doubles impositions. Convention avec la Jordanie<br \/><a href=\"https:\/\/www.parlament.ch\/fr\/ratsbetrieb\/suche-curia-vista\/geschaeft?AffairId=20240088\">24.088<\/a>\u00a0Double imposition. Convention avec la Hongrie<\/h5><p><b><strong>Recommandation<\/strong><\/b><\/p><p>SwissHoldings est favorable \u00e0 la ratification des quatre CDI. Ces accords am\u00e9liorent la coop\u00e9ration \u00e9conomique, augmentent la s\u00e9curit\u00e9 juridique et correspondent aux standards internationaux.<\/p><p>A l&#8217;ordre du jour du <strong>5 mars 2025<\/strong><\/p>\t\t\t\t\t\t\t\t<\/div>\n\t\t\t\t<\/div>\n\t\t\t\t<div class=\"elementor-element elementor-element-ffee62f elementor-widget elementor-widget-toggle\" data-id=\"ffee62f\" data-element_type=\"widget\" data-widget_type=\"toggle.default\">\n\t\t\t\t<div class=\"elementor-widget-container\">\n\t\t\t\t\t\t\t<div class=\"elementor-toggle\">\n\t\t\t\t\t\t\t<div class=\"elementor-toggle-item\">\n\t\t\t\t\t<div id=\"elementor-tab-title-2681\" class=\"elementor-tab-title\" data-tab=\"1\" role=\"button\" aria-controls=\"elementor-tab-content-2681\" aria-expanded=\"false\">\n\t\t\t\t\t\t\t\t\t\t\t\t<span class=\"elementor-toggle-icon elementor-toggle-icon-left\" aria-hidden=\"true\">\n\t\t\t\t\t\t\t\t\t\t\t\t\t\t\t<span class=\"elementor-toggle-icon-closed\"><i class=\"fas fa-caret-right\"><\/i><\/span>\n\t\t\t\t\t\t\t\t<span class=\"elementor-toggle-icon-opened\"><i class=\"elementor-toggle-icon-opened fas fa-caret-up\"><\/i><\/span>\n\t\t\t\t\t\t\t\t\t\t\t\t\t<\/span>\n\t\t\t\t\t\t\t\t\t\t\t\t<a class=\"elementor-toggle-title\" tabindex=\"0\">Contenu<\/a>\n\t\t\t\t\t<\/div>\n\n\t\t\t\t\t<div id=\"elementor-tab-content-2681\" class=\"elementor-tab-content elementor-clearfix\" data-tab=\"1\" role=\"region\" aria-labelledby=\"elementor-tab-title-2681\"><p>La Suisse met \u00e0 jour ses conventions de double imposition (CDI) : Un accord \u00e9quilibr\u00e9 a \u00e9t\u00e9 conclu avec l&#8217;Angola qui, en tant que pays en d\u00e9veloppement, b\u00e9n\u00e9ficie d&#8217;une imposition \u00e0 la source et de taux r\u00e9siduels plus \u00e9lev\u00e9s, tandis que les entreprises suisses b\u00e9n\u00e9ficient de la s\u00e9curit\u00e9 juridique et de taux de dividendes avantageux (<a href=\"https:\/\/swissholdings.ch\/wp-content\/uploads\/2025\/02\/22-05-30-Stellungnahme-DBA-Angola-mit-Unterschriften.pdf\" target=\"_blank\" rel=\"noopener\">position de SwissHoldings<\/a>).<\/p><p>Le protocole d&#8217;amendement avec la Hongrie met en \u0153uvre la norme minimale BEPS et introduit une clause d&#8217;arbitrage pour l&#8217;\u00e9limination effective des doubles impositions &#8211; important pour la Suisse en tant que hub d&#8217;investissement.<\/p><p>Avec l&#8217;Allemagne, la CDI a \u00e9t\u00e9 compl\u00e9t\u00e9e par de nouvelles r\u00e8gles concernant les relations de travail transfrontali\u00e8res et les proc\u00e9dures de conciliation. Une clause d&#8217;abus emp\u00eache les avantages conventionnels injustifi\u00e9s.<\/p><p>La nouvelle CDI avec la Jordanie cr\u00e9e une s\u00e9curit\u00e9 juridique, am\u00e9liore la coop\u00e9ration \u00e9conomique et contient des mesures contre l&#8217;\u00e9vasion fiscale conformes aux normes de l&#8217;OCDE.<\/p><\/div>\n\t\t\t\t<\/div>\n\t\t\t\t\t\t\t<div class=\"elementor-toggle-item\">\n\t\t\t\t\t<div id=\"elementor-tab-title-2682\" class=\"elementor-tab-title\" data-tab=\"2\" role=\"button\" aria-controls=\"elementor-tab-content-2682\" aria-expanded=\"false\">\n\t\t\t\t\t\t\t\t\t\t\t\t<span class=\"elementor-toggle-icon elementor-toggle-icon-left\" aria-hidden=\"true\">\n\t\t\t\t\t\t\t\t\t\t\t\t\t\t\t<span class=\"elementor-toggle-icon-closed\"><i class=\"fas fa-caret-right\"><\/i><\/span>\n\t\t\t\t\t\t\t\t<span class=\"elementor-toggle-icon-opened\"><i class=\"elementor-toggle-icon-opened fas fa-caret-up\"><\/i><\/span>\n\t\t\t\t\t\t\t\t\t\t\t\t\t<\/span>\n\t\t\t\t\t\t\t\t\t\t\t\t<a class=\"elementor-toggle-title\" tabindex=\"0\">\u00c9tat actuel<\/a>\n\t\t\t\t\t<\/div>\n\n\t\t\t\t\t<div id=\"elementor-tab-content-2682\" class=\"elementor-tab-content elementor-clearfix\" data-tab=\"2\" role=\"region\" aria-labelledby=\"elementor-tab-title-2682\"><p>La commission propose d&#8217;adopter les nouvelles conventions de double imposition avec l&#8217;Angola (<a href=\"https:\/\/www.parlament.ch\/fr\/ratsbetrieb\/suche-curia-vista\/geschaeft?AffairId=20240057\">24.057<\/a>) et la Jordanie (<a href=\"https:\/\/www.parlament.ch\/fr\/ratsbetrieb\/suche-curia-vista\/geschaeft?AffairId=20240062\">24.062<\/a>), ainsi que la modification des CDI existantes avec l&#8217;Allemagne (<a href=\"https:\/\/www.parlament.ch\/fr\/ratsbetrieb\/suche-curia-vista\/geschaeft?AffairId=20240059\">24.059<\/a>) et la Hongrie (<a href=\"https:\/\/www.parlament.ch\/fr\/ratsbetrieb\/suche-curia-vista\/geschaeft?AffairId=20240088\">24.088<\/a>), par 19 voix contre 2 dans chaque cas.<\/p><\/div>\n\t\t\t\t<\/div>\n\t\t\t\t\t\t\t<div class=\"elementor-toggle-item\">\n\t\t\t\t\t<div id=\"elementor-tab-title-2683\" class=\"elementor-tab-title\" data-tab=\"3\" role=\"button\" aria-controls=\"elementor-tab-content-2683\" aria-expanded=\"false\">\n\t\t\t\t\t\t\t\t\t\t\t\t<span class=\"elementor-toggle-icon elementor-toggle-icon-left\" aria-hidden=\"true\">\n\t\t\t\t\t\t\t\t\t\t\t\t\t\t\t<span class=\"elementor-toggle-icon-closed\"><i class=\"fas fa-caret-right\"><\/i><\/span>\n\t\t\t\t\t\t\t\t<span class=\"elementor-toggle-icon-opened\"><i class=\"elementor-toggle-icon-opened fas fa-caret-up\"><\/i><\/span>\n\t\t\t\t\t\t\t\t\t\t\t\t\t<\/span>\n\t\t\t\t\t\t\t\t\t\t\t\t<a class=\"elementor-toggle-title\" tabindex=\"0\">Position<\/a>\n\t\t\t\t\t<\/div>\n\n\t\t\t\t\t<div id=\"elementor-tab-content-2683\" class=\"elementor-tab-content elementor-clearfix\" data-tab=\"3\" role=\"region\" aria-labelledby=\"elementor-tab-title-2683\"><p>Les associations \u00e9conomiques soutiennent unanimement les quatre accords. SwissHoldings salue l&#8217;introduction de clauses d&#8217;arbitrage et la mise en \u0153uvre de la norme minimale BEPS. La prise en compte \u00e9quilibr\u00e9e des int\u00e9r\u00eats des pays en d\u00e9veloppement comme l&#8217;Angola, tout en pr\u00e9servant les int\u00e9r\u00eats \u00e9conomiques suisses, est soulign\u00e9e positivement. Les nouvelles r\u00e9glementations avec l&#8217;Allemagne sur les relations de travail transfrontali\u00e8res r\u00e9pondent \u00e0 un besoin pratique. Les accords am\u00e9liorent la s\u00e9curit\u00e9 juridique des entreprises suisses \u00e0 l&#8217;\u00e9tranger et renforcent la place \u00e9conomique suisse. Les cantons ont \u00e9t\u00e9 consult\u00e9s et soutiennent les projets. Les accords mettent en \u0153uvre des normes internationales et renforcent la position de la Suisse en tant que partenaire fiable dans les questions fiscales. Aucune voix critique ne s&#8217;est \u00e9lev\u00e9e, car les accords tiennent compte des pr\u00e9occupations tant \u00e9conomiques que de politique de d\u00e9veloppement.<\/p><\/div>\n\t\t\t\t<\/div>\n\t\t\t\t\t\t\t<div class=\"elementor-toggle-item\">\n\t\t\t\t\t<div id=\"elementor-tab-title-2684\" class=\"elementor-tab-title\" data-tab=\"4\" role=\"button\" aria-controls=\"elementor-tab-content-2684\" aria-expanded=\"false\">\n\t\t\t\t\t\t\t\t\t\t\t\t<span class=\"elementor-toggle-icon elementor-toggle-icon-left\" aria-hidden=\"true\">\n\t\t\t\t\t\t\t\t\t\t\t\t\t\t\t<span class=\"elementor-toggle-icon-closed\"><i class=\"fas fa-caret-right\"><\/i><\/span>\n\t\t\t\t\t\t\t\t<span class=\"elementor-toggle-icon-opened\"><i class=\"elementor-toggle-icon-opened fas fa-caret-up\"><\/i><\/span>\n\t\t\t\t\t\t\t\t\t\t\t\t\t<\/span>\n\t\t\t\t\t\t\t\t\t\t\t\t<a class=\"elementor-toggle-title\" tabindex=\"0\">Contact<\/a>\n\t\t\t\t\t<\/div>\n\n\t\t\t\t\t<div id=\"elementor-tab-content-2684\" class=\"elementor-tab-content elementor-clearfix\" data-tab=\"4\" role=\"region\" aria-labelledby=\"elementor-tab-title-2684\"><p><strong>Martin Hess<\/strong>\u00a0\u00a0 \u00a0Responsable du d\u00e9partement fiscalit\u00e9 &amp; Membre du Comit\u00e9 Ex\u00e9cutif<br \/>\u2709\u00a0 \u00a0<a href=\"mailto:martin.hess@swissholdings.ch\">martin.hess@swissholdings.ch<\/a><br \/><span style=\"color: #000000\">\u260e\u00a0\u00a0 +41 (0)78 805 04 95<\/span><\/p><\/div>\n\t\t\t\t<\/div>\n\t\t\t\t\t\t\t\t<\/div>\n\t\t\t\t\t\t<\/div>\n\t\t\t\t<\/div>\n\t\t\t\t<div class=\"elementor-element elementor-element-dbcec63 elementor-widget-divider--view-line elementor-widget elementor-widget-divider\" data-id=\"dbcec63\" data-element_type=\"widget\" data-widget_type=\"divider.default\">\n\t\t\t\t<div class=\"elementor-widget-container\">\n\t\t\t\t\t\t\t<div class=\"elementor-divider\">\n\t\t\t<span class=\"elementor-divider-separator\">\n\t\t\t\t\t\t<\/span>\n\t\t<\/div>\n\t\t\t\t\t\t<\/div>\n\t\t\t\t<\/div>\n\t\t\t\t<div class=\"elementor-element elementor-element-d3113de elementor-widget elementor-widget-text-editor\" data-id=\"d3113de\" data-element_type=\"widget\" data-widget_type=\"text-editor.default\">\n\t\t\t\t<div class=\"elementor-widget-container\">\n\t\t\t\t\t\t\t\t\t<h5><a href=\"https:\/\/www.parlament.ch\/fr\/ratsbetrieb\/suche-curia-vista\/geschaeft?AffairId=20240082\">24.082<\/a> Pour une politique climatique sociale financ\u00e9e de mani\u00e8re juste fiscalement (initiative pour l\u2019avenir). Initiative populaire<\/h5><p><span lang=\"EN-GB\"><strong>Recommandation<\/strong><\/span><\/p><p>SwissHoldings recommande de suivre l&#8217;avis majoritaire de la commission du Conseil national et de soumettre au plus vite cette initiative extr\u00eamement nuisible au peuple et aux cantons pour qu&#8217;ils la rejettent sans contre-projet.<\/p><p>\u00c0 l&#8217;ordre du jour le <strong>5 mars 2025<\/strong> et, le cas \u00e9ch\u00e9ant, les <strong>18<\/strong> et <strong>19 mars<\/strong> <strong>2025<\/strong><\/p>\t\t\t\t\t\t\t\t<\/div>\n\t\t\t\t<\/div>\n\t\t\t\t<div class=\"elementor-element elementor-element-0d3a840 elementor-widget elementor-widget-toggle\" data-id=\"0d3a840\" data-element_type=\"widget\" data-widget_type=\"toggle.default\">\n\t\t\t\t<div class=\"elementor-widget-container\">\n\t\t\t\t\t\t\t<div class=\"elementor-toggle\">\n\t\t\t\t\t\t\t<div class=\"elementor-toggle-item\">\n\t\t\t\t\t<div id=\"elementor-tab-title-1381\" class=\"elementor-tab-title\" data-tab=\"1\" role=\"button\" aria-controls=\"elementor-tab-content-1381\" aria-expanded=\"false\">\n\t\t\t\t\t\t\t\t\t\t\t\t<span class=\"elementor-toggle-icon elementor-toggle-icon-left\" aria-hidden=\"true\">\n\t\t\t\t\t\t\t\t\t\t\t\t\t\t\t<span class=\"elementor-toggle-icon-closed\"><i class=\"fas fa-caret-right\"><\/i><\/span>\n\t\t\t\t\t\t\t\t<span class=\"elementor-toggle-icon-opened\"><i class=\"elementor-toggle-icon-opened fas fa-caret-up\"><\/i><\/span>\n\t\t\t\t\t\t\t\t\t\t\t\t\t<\/span>\n\t\t\t\t\t\t\t\t\t\t\t\t<a class=\"elementor-toggle-title\" tabindex=\"0\">Contenu<\/a>\n\t\t\t\t\t<\/div>\n\n\t\t\t\t\t<div id=\"elementor-tab-content-1381\" class=\"elementor-tab-content elementor-clearfix\" data-tab=\"1\" role=\"region\" aria-labelledby=\"elementor-tab-title-1381\"><p>Lors de sa s\u00e9ance du 13 d\u00e9cembre 2024, le Conseil f\u00e9d\u00e9ral a adopt\u00e9 le message relatif \u00e0 l&#8217;initiative populaire &#8220;Pour une politique climatique sociale financ\u00e9e \u00e9quitablement par l&#8217;imp\u00f4t (Initiative pour un avenir)&#8221;. Il rejette l&#8217;initiative de la Jeunesse socialiste suisse (JS) sans contre-projet direct ni contre-projet indirect. L&#8217;initiative populaire demande l&#8217;introduction d&#8217;un imp\u00f4t sur les successions et les donations au niveau f\u00e9d\u00e9ral. L&#8217;imp\u00f4t doit \u00eatre pr\u00e9lev\u00e9 \u00e0 partir d&#8217;un montant exon\u00e9r\u00e9 unique de 50 millions de francs. Le taux d&#8217;imposition doit \u00eatre de 50 pour cent. Le produit de cet imp\u00f4t serait vers\u00e9 \u00e0 raison de deux tiers \u00e0 la Conf\u00e9d\u00e9ration et d&#8217;un tiers aux cantons et serait affect\u00e9 \u00e0 la &#8220;lutte socialement \u00e9quitable contre la crise climatique&#8221; et \u00e0 la &#8220;transformation de l&#8217;\u00e9conomie globale n\u00e9cessaire \u00e0 cet effet&#8221;. La disposition transitoire de l&#8217;initiative pr\u00e9voit qu&#8217;en cas d&#8217;acceptation de l&#8217;initiative, les imp\u00f4ts sur les successions et les donations s&#8217;appliqueront \u00e0 partir de la date de la votation. L&#8217;imposition devrait \u00eatre appliqu\u00e9e r\u00e9troactivement apr\u00e8s l&#8217;entr\u00e9e en vigueur des actes l\u00e9gislatifs d&#8217;ex\u00e9cution.<\/p><\/div>\n\t\t\t\t<\/div>\n\t\t\t\t\t\t\t<div class=\"elementor-toggle-item\">\n\t\t\t\t\t<div id=\"elementor-tab-title-1382\" class=\"elementor-tab-title\" data-tab=\"2\" role=\"button\" aria-controls=\"elementor-tab-content-1382\" aria-expanded=\"false\">\n\t\t\t\t\t\t\t\t\t\t\t\t<span class=\"elementor-toggle-icon elementor-toggle-icon-left\" aria-hidden=\"true\">\n\t\t\t\t\t\t\t\t\t\t\t\t\t\t\t<span class=\"elementor-toggle-icon-closed\"><i class=\"fas fa-caret-right\"><\/i><\/span>\n\t\t\t\t\t\t\t\t<span class=\"elementor-toggle-icon-opened\"><i class=\"elementor-toggle-icon-opened fas fa-caret-up\"><\/i><\/span>\n\t\t\t\t\t\t\t\t\t\t\t\t\t<\/span>\n\t\t\t\t\t\t\t\t\t\t\t\t<a class=\"elementor-toggle-title\" tabindex=\"0\">\u00c9tat actuel<\/a>\n\t\t\t\t\t<\/div>\n\n\t\t\t\t\t<div id=\"elementor-tab-content-1382\" class=\"elementor-tab-content elementor-clearfix\" data-tab=\"2\" role=\"region\" aria-labelledby=\"elementor-tab-title-1382\"><p>Lors de sa s\u00e9ance du 21.01.2025, la Commission de l&#8217;\u00e9conomie et des redevances du Conseil national a propos\u00e9 au peuple et aux cantons de rejeter l&#8217;initiative et a renonc\u00e9 \u00e0 lui opposer un contre-projet. Cette d\u00e9cision a \u00e9t\u00e9 motiv\u00e9e par les cons\u00e9quences n\u00e9gatives massives que l&#8217;initiative devrait avoir sur l&#8217;\u00e9conomie suisse et les finances publiques.<\/p><\/div>\n\t\t\t\t<\/div>\n\t\t\t\t\t\t\t<div class=\"elementor-toggle-item\">\n\t\t\t\t\t<div id=\"elementor-tab-title-1383\" class=\"elementor-tab-title\" data-tab=\"3\" role=\"button\" aria-controls=\"elementor-tab-content-1383\" aria-expanded=\"false\">\n\t\t\t\t\t\t\t\t\t\t\t\t<span class=\"elementor-toggle-icon elementor-toggle-icon-left\" aria-hidden=\"true\">\n\t\t\t\t\t\t\t\t\t\t\t\t\t\t\t<span class=\"elementor-toggle-icon-closed\"><i class=\"fas fa-caret-right\"><\/i><\/span>\n\t\t\t\t\t\t\t\t<span class=\"elementor-toggle-icon-opened\"><i class=\"elementor-toggle-icon-opened fas fa-caret-up\"><\/i><\/span>\n\t\t\t\t\t\t\t\t\t\t\t\t\t<\/span>\n\t\t\t\t\t\t\t\t\t\t\t\t<a class=\"elementor-toggle-title\" tabindex=\"0\">Position<\/a>\n\t\t\t\t\t<\/div>\n\n\t\t\t\t\t<div id=\"elementor-tab-content-1383\" class=\"elementor-tab-content elementor-clearfix\" data-tab=\"3\" role=\"region\" aria-labelledby=\"elementor-tab-title-1383\"><p>L&#8217;initiative de la JUSO nuit d\u00e9j\u00e0 \u00e0 la place \u00e9conomique suisse. Certes, depuis la publication du message du Conseil f\u00e9d\u00e9ral en d\u00e9cembre 2024, il est clair qu&#8217;un imp\u00f4t de d\u00e9part n&#8217;entre pas en ligne de compte sur le plan juridique, mais il n&#8217;en reste pas moins que l&#8217;initiative emp\u00eache d\u00e9j\u00e0 aujourd&#8217;hui les personnes de s&#8217;installer en Suisse et alimente l&#8217;ins\u00e9curit\u00e9 juridique. L&#8217;acceptation de l&#8217;initiative aurait des r\u00e9percussions massives sur la place \u00e9conomique suisse. Un imp\u00f4t de 50 pour cent fait \u00e9chouer toute planification de succession intrafamiliale d&#8217;entreprises familiales suisses de taille moyenne. Les entreprises devraient \u00eatre vendues de force et passeraient souvent en mains \u00e9trang\u00e8res. Le mod\u00e8le de l&#8217;entreprise suisse de taille moyenne g\u00e9r\u00e9e par son propri\u00e9taire depuis des g\u00e9n\u00e9rations et dont les propri\u00e9taires sont d&#8217;importants contribuables serait mort. Outre les entreprises de taille moyenne, de nombreux groupes suisses actifs au niveau international seraient \u00e9galement touch\u00e9s. Parmi les entreprises suisses membres de SwissHoldings, pr\u00e8s de la moiti\u00e9 sont \u00e9galement concern\u00e9es, raison pour laquelle de nombreuses familles de copropri\u00e9taires ont d&#8217;ores et d\u00e9j\u00e0 pris des dispositions en ce sens. Si elles \u00e9taient mises en \u0153uvre, cela aurait des cons\u00e9quences consid\u00e9rables pour l&#8217;\u00e9conomie suisse ainsi que pour la situation financi\u00e8re de la Conf\u00e9d\u00e9ration et des cantons. En cas d&#8217;acceptation de l&#8217;initiative, il faut s&#8217;attendre \u00e0 une baisse des recettes au lieu d&#8217;une augmentation. Si le niveau actuel du service public devait \u00eatre maintenu en cas de oui \u00e0 l&#8217;initiative, la classe moyenne mais aussi les PME suisses devraient \u00e0 l&#8217;avenir payer des imp\u00f4ts nettement plus \u00e9lev\u00e9s. Selon les professeurs F\u00f6llmi et Legge de la HSG, l&#8217;imp\u00f4t sur les successions et les donations de 50 pour cent r\u00e9duirait nettement la constitution de fortune en Suisse et d\u00e9placerait la structure de propri\u00e9t\u00e9 des grands groupes des investisseurs nationaux vers les investisseurs \u00e9trangers, augmenterait le co\u00fbt du capital et r\u00e9duirait les investissements. En cas de &#8220;oui&#8221;, on s&#8217;attend \u00e0 une vague de ventes dans les moyennes et grandes entreprises familiales, ainsi qu&#8217;\u00e0 une forte baisse de leurs investissements et de leurs effectifs. L&#8217;\u00e9rosion du nombre de moyennes et grandes PME pourrait conduire \u00e0 une polarisation de l&#8217;\u00e9conomie, avec une concentration de nombreuses petites entreprises et de quelques grands groupes, et une diminution de l&#8217;importance de la classe moyenne. L&#8217;initiative doit \u00eatre soumise au peuple et aux cantons, et ce sans contre-projet. Un rejet dans les urnes est essentiel pour la place \u00e9conomique, car c&#8217;est le seul moyen de pr\u00e9server les entreprises familiales moyennes et multinationales et d&#8217;\u00e9viter qu&#8217;elles ne soient vendues \u00e0 l&#8217;\u00e9tranger.<\/p><\/div>\n\t\t\t\t<\/div>\n\t\t\t\t\t\t\t<div class=\"elementor-toggle-item\">\n\t\t\t\t\t<div id=\"elementor-tab-title-1384\" class=\"elementor-tab-title\" data-tab=\"4\" role=\"button\" aria-controls=\"elementor-tab-content-1384\" aria-expanded=\"false\">\n\t\t\t\t\t\t\t\t\t\t\t\t<span class=\"elementor-toggle-icon elementor-toggle-icon-left\" aria-hidden=\"true\">\n\t\t\t\t\t\t\t\t\t\t\t\t\t\t\t<span class=\"elementor-toggle-icon-closed\"><i class=\"fas fa-caret-right\"><\/i><\/span>\n\t\t\t\t\t\t\t\t<span class=\"elementor-toggle-icon-opened\"><i class=\"elementor-toggle-icon-opened fas fa-caret-up\"><\/i><\/span>\n\t\t\t\t\t\t\t\t\t\t\t\t\t<\/span>\n\t\t\t\t\t\t\t\t\t\t\t\t<a class=\"elementor-toggle-title\" tabindex=\"0\">Contact<\/a>\n\t\t\t\t\t<\/div>\n\n\t\t\t\t\t<div id=\"elementor-tab-content-1384\" class=\"elementor-tab-content elementor-clearfix\" data-tab=\"4\" role=\"region\" aria-labelledby=\"elementor-tab-title-1384\"><p><strong>Martin Hess<\/strong>\u00a0\u00a0 \u00a0Responsable du d\u00e9partement fiscalit\u00e9 &amp; Membre du Comit\u00e9 Ex\u00e9cutif<br \/>\u2709\u00a0 \u00a0<a href=\"mailto:martin.hess@swissholdings.ch\">martin.hess@swissholdings.ch<\/a><br \/>\u260e\u00a0\u00a0 +41 (0)78 805 04 95<\/p><\/div>\n\t\t\t\t<\/div>\n\t\t\t\t\t\t\t\t<\/div>\n\t\t\t\t\t\t<\/div>\n\t\t\t\t<\/div>\n\t\t\t\t<div class=\"elementor-element elementor-element-c612ca3 elementor-widget elementor-widget-text-editor\" data-id=\"c612ca3\" data-element_type=\"widget\" data-widget_type=\"text-editor.default\">\n\t\t\t\t<div class=\"elementor-widget-container\">\n\t\t\t\t\t\t\t\t\t<h5><a href=\"https:\/\/www.parlament.ch\/fr\/ratsbetrieb\/suche-curia-vista\/geschaeft?AffairId=20250008\">25.008<\/a> Politique \u00e9conomique ext\u00e9rieure 2024. Rapport<\/h5><p><span lang=\"EN-GB\"><strong>Recommandation<\/strong><\/span><\/p><p><span lang=\"EN-GB\">SwissHoldings approuve la strat\u00e9gie de la Suisse esquiss\u00e9e dans le rapport pour renforcer ses relations \u00e9conomiques dans le monde.<\/span><\/p><p><span lang=\"EN-GB\">\u00c0 l&#8217;ordre du jour le <strong>12 mars 2025<\/strong><\/span><\/p>\t\t\t\t\t\t\t\t<\/div>\n\t\t\t\t<\/div>\n\t\t\t\t<div class=\"elementor-element elementor-element-c7eeb21 elementor-widget elementor-widget-toggle\" data-id=\"c7eeb21\" data-element_type=\"widget\" data-widget_type=\"toggle.default\">\n\t\t\t\t<div class=\"elementor-widget-container\">\n\t\t\t\t\t\t\t<div class=\"elementor-toggle\">\n\t\t\t\t\t\t\t<div class=\"elementor-toggle-item\">\n\t\t\t\t\t<div id=\"elementor-tab-title-2091\" class=\"elementor-tab-title\" data-tab=\"1\" role=\"button\" aria-controls=\"elementor-tab-content-2091\" aria-expanded=\"false\">\n\t\t\t\t\t\t\t\t\t\t\t\t<span class=\"elementor-toggle-icon elementor-toggle-icon-left\" aria-hidden=\"true\">\n\t\t\t\t\t\t\t\t\t\t\t\t\t\t\t<span class=\"elementor-toggle-icon-closed\"><i class=\"fas fa-caret-right\"><\/i><\/span>\n\t\t\t\t\t\t\t\t<span class=\"elementor-toggle-icon-opened\"><i class=\"elementor-toggle-icon-opened fas fa-caret-up\"><\/i><\/span>\n\t\t\t\t\t\t\t\t\t\t\t\t\t<\/span>\n\t\t\t\t\t\t\t\t\t\t\t\t<a class=\"elementor-toggle-title\" tabindex=\"0\">Contenu<\/a>\n\t\t\t\t\t<\/div>\n\n\t\t\t\t\t<div id=\"elementor-tab-content-2091\" class=\"elementor-tab-content elementor-clearfix\" data-tab=\"1\" role=\"region\" aria-labelledby=\"elementor-tab-title-2091\"><p>Le rapport sur la politique \u00e9conomique ext\u00e9rieure 2024 montre que les tensions g\u00e9opolitiques continuent de s&#8217;aggraver. La Suisse a n\u00e9anmoins enregistr\u00e9 une ann\u00e9e record en termes de conclusion et de d\u00e9veloppement d&#8217;accords de libre-\u00e9change : Des accords ont \u00e9t\u00e9 conclus avec l&#8217;Inde, le Chili, le Kosovo, la Tha\u00eflande et l&#8217;Ukraine. De plus, le Conseil f\u00e9d\u00e9ral a lanc\u00e9 les n\u00e9gociations avec l&#8217;UE sur un nouveau paquet de d\u00e9veloppement des relations bilat\u00e9rales. Parall\u00e8lement, la Suisse s&#8217;engage en faveur de solutions multilat\u00e9rales dans le cadre de l&#8217;OMC et renforce son engagement en faveur de l&#8217;int\u00e9gration de consid\u00e9rations de durabilit\u00e9 dans ses accords commerciaux. Par ailleurs, le Conseil f\u00e9d\u00e9ral souligne l&#8217;importance de l&#8217;\u00e9conomie num\u00e9rique et encourage l&#8217;adoption de normes internationales, notamment en mati\u00e8re de commerce num\u00e9rique et de protection des donn\u00e9es.<\/p><\/div>\n\t\t\t\t<\/div>\n\t\t\t\t\t\t\t<div class=\"elementor-toggle-item\">\n\t\t\t\t\t<div id=\"elementor-tab-title-2092\" class=\"elementor-tab-title\" data-tab=\"2\" role=\"button\" aria-controls=\"elementor-tab-content-2092\" aria-expanded=\"false\">\n\t\t\t\t\t\t\t\t\t\t\t\t<span class=\"elementor-toggle-icon elementor-toggle-icon-left\" aria-hidden=\"true\">\n\t\t\t\t\t\t\t\t\t\t\t\t\t\t\t<span class=\"elementor-toggle-icon-closed\"><i class=\"fas fa-caret-right\"><\/i><\/span>\n\t\t\t\t\t\t\t\t<span class=\"elementor-toggle-icon-opened\"><i class=\"elementor-toggle-icon-opened fas fa-caret-up\"><\/i><\/span>\n\t\t\t\t\t\t\t\t\t\t\t\t\t<\/span>\n\t\t\t\t\t\t\t\t\t\t\t\t<a class=\"elementor-toggle-title\" tabindex=\"0\">\u00c9tat actuel<\/a>\n\t\t\t\t\t<\/div>\n\n\t\t\t\t\t<div id=\"elementor-tab-content-2092\" class=\"elementor-tab-content elementor-clearfix\" data-tab=\"2\" role=\"region\" aria-labelledby=\"elementor-tab-title-2092\"><p>15.01.2025 : Publication du rapport sur la politique \u00e9conomique ext\u00e9rieure 2024<\/p><\/div>\n\t\t\t\t<\/div>\n\t\t\t\t\t\t\t<div class=\"elementor-toggle-item\">\n\t\t\t\t\t<div id=\"elementor-tab-title-2093\" class=\"elementor-tab-title\" data-tab=\"3\" role=\"button\" aria-controls=\"elementor-tab-content-2093\" aria-expanded=\"false\">\n\t\t\t\t\t\t\t\t\t\t\t\t<span class=\"elementor-toggle-icon elementor-toggle-icon-left\" aria-hidden=\"true\">\n\t\t\t\t\t\t\t\t\t\t\t\t\t\t\t<span class=\"elementor-toggle-icon-closed\"><i class=\"fas fa-caret-right\"><\/i><\/span>\n\t\t\t\t\t\t\t\t<span class=\"elementor-toggle-icon-opened\"><i class=\"elementor-toggle-icon-opened fas fa-caret-up\"><\/i><\/span>\n\t\t\t\t\t\t\t\t\t\t\t\t\t<\/span>\n\t\t\t\t\t\t\t\t\t\t\t\t<a class=\"elementor-toggle-title\" tabindex=\"0\">Position<\/a>\n\t\t\t\t\t<\/div>\n\n\t\t\t\t\t<div id=\"elementor-tab-content-2093\" class=\"elementor-tab-content elementor-clearfix\" data-tab=\"3\" role=\"region\" aria-labelledby=\"elementor-tab-title-2093\"><p>SwissHoldings soutient l&#8217;orientation actuelle de la politique commerciale suisse en mati\u00e8re d&#8217;accords de libre-\u00e9change Le rapport sur la politique \u00e9conomique ext\u00e9rieure 2024 montre que la Suisse a pu poursuivre avec succ\u00e8s sa strat\u00e9gie commerciale cette ann\u00e9e encore. Le nouvel accord de libre-\u00e9change avec l&#8217;Inde, consid\u00e9r\u00e9 comme le premier accord europ\u00e9en de ce type et qui am\u00e9liore l&#8217;acc\u00e8s au march\u00e9 pour les entreprises suisses, m\u00e9rite d&#8217;\u00eatre soulign\u00e9. Tout aussi importants sont les accords conclus avec le Chili, le Kosovo, la Tha\u00eflande et l&#8217;Ukraine, qui facilitent le commerce bilat\u00e9ral ainsi que l&#8217;\u00e9change de technologies et de connaissances. SwissHoldings salue ces succ\u00e8s politico-\u00e9conomiques et souligne l&#8217;importance de relations commerciales stables et fiables pour la place \u00e9conomique suisse. En tant que petite \u00e9conomie ouverte, la Suisse se doit de se positionner activement dans un environnement mondial fragment\u00e9. La poursuite de la strat\u00e9gie de libre-\u00e9change et les \u00e9changes \u00e9troits avec l&#8217;UE sont essentiels pour garantir la stabilit\u00e9 \u00e9conomique et la comp\u00e9titivit\u00e9 \u00e0 long terme.<\/p><\/div>\n\t\t\t\t<\/div>\n\t\t\t\t\t\t\t<div class=\"elementor-toggle-item\">\n\t\t\t\t\t<div id=\"elementor-tab-title-2094\" class=\"elementor-tab-title\" data-tab=\"4\" role=\"button\" aria-controls=\"elementor-tab-content-2094\" aria-expanded=\"false\">\n\t\t\t\t\t\t\t\t\t\t\t\t<span class=\"elementor-toggle-icon elementor-toggle-icon-left\" aria-hidden=\"true\">\n\t\t\t\t\t\t\t\t\t\t\t\t\t\t\t<span class=\"elementor-toggle-icon-closed\"><i class=\"fas fa-caret-right\"><\/i><\/span>\n\t\t\t\t\t\t\t\t<span class=\"elementor-toggle-icon-opened\"><i class=\"elementor-toggle-icon-opened fas fa-caret-up\"><\/i><\/span>\n\t\t\t\t\t\t\t\t\t\t\t\t\t<\/span>\n\t\t\t\t\t\t\t\t\t\t\t\t<a class=\"elementor-toggle-title\" tabindex=\"0\">Contact<\/a>\n\t\t\t\t\t<\/div>\n\n\t\t\t\t\t<div id=\"elementor-tab-content-2094\" class=\"elementor-tab-content elementor-clearfix\" data-tab=\"4\" role=\"region\" aria-labelledby=\"elementor-tab-title-2094\"><p><strong>Denise Laufer<\/strong>\u00a0\u00a0\u00a0 Responsable du d\u00e9partement \u00e9conomique &amp; Membre du Comit\u00e9 Ex\u00e9cutif<br \/><span style=\"color: #000000\">\u2709\u00a0 \u00a0<a href=\"mailto:denise.laufer@swissholdings.ch\">denise.laufer@swissholdings.ch<\/a><br \/>\u260e\u00a0 \u00a0+41 (0)76 407 02 48<\/span><\/p><\/div>\n\t\t\t\t<\/div>\n\t\t\t\t\t\t\t\t<\/div>\n\t\t\t\t\t\t<\/div>\n\t\t\t\t<\/div>\n\t\t\t\t<div class=\"elementor-element elementor-element-360f126 elementor-widget-divider--view-line elementor-widget elementor-widget-divider\" data-id=\"360f126\" data-element_type=\"widget\" data-widget_type=\"divider.default\">\n\t\t\t\t<div class=\"elementor-widget-container\">\n\t\t\t\t\t\t\t<div class=\"elementor-divider\">\n\t\t\t<span class=\"elementor-divider-separator\">\n\t\t\t\t\t\t<\/span>\n\t\t<\/div>\n\t\t\t\t\t\t<\/div>\n\t\t\t\t<\/div>\n\t\t\t\t<div class=\"elementor-element elementor-element-752c2b0 elementor-widget elementor-widget-text-editor\" data-id=\"752c2b0\" data-element_type=\"widget\" data-widget_type=\"text-editor.default\">\n\t\t\t\t<div class=\"elementor-widget-container\">\n\t\t\t\t\t\t\t\t\t<h5><a href=\"https:\/\/www.parlament.ch\/fr\/ratsbetrieb\/suche-curia-vista\/geschaeft?AffairId=20210082\">21.082<\/a> Code de proc\u00e9dure civile. Modification<\/h5><p><span lang=\"EN-GB\"><strong>Recommandation<\/strong><\/span><\/p><p><span lang=\"EN-GB\">La Commission juridique du Conseil national (CAJ-N) s&#8217;est clairement prononc\u00e9e contre l&#8217;introduction de plaintes collectives. SwissHoldings salue express\u00e9ment cette d\u00e9cision. Le projet du Conseil f\u00e9d\u00e9ral impliquerait un changement massif du syst\u00e8me juridique suisse. L&#8217;introduction de plaintes collectives exposerait les entreprises \u00e0 des risques accrus d&#8217;actions en justice et p\u00e8serait ainsi consid\u00e9rablement sur la place \u00e9conomique suisse. Des exp\u00e9riences n\u00e9gatives \u00e0 l&#8217;\u00e9tranger montrent que les actions collectives ont conduit \u00e0 l&#8217;\u00e9tablissement d&#8217;une &#8220;industrie de la plainte&#8221;, favoris\u00e9e par des financeurs de proc\u00e8s externes. Une \u00e9tude command\u00e9e par SwissHoldings et economiesuisse confirme ces risques. Aujourd&#8217;hui d\u00e9j\u00e0, il existe en Suisse des m\u00e9canismes de r\u00e8glement collectif des litiges qui fonctionnent. Il n&#8217;y a aucune raison de reprendre des d\u00e9veloppements erron\u00e9s de l&#8217;\u00e9tranger.<\/span><\/p><p><span lang=\"EN-GB\">A l&#8217;ordre du jour le <strong>17 mars 2025<\/strong><\/span><\/p>\t\t\t\t\t\t\t\t<\/div>\n\t\t\t\t<\/div>\n\t\t\t\t<div class=\"elementor-element elementor-element-540efe2 elementor-widget elementor-widget-toggle\" data-id=\"540efe2\" data-element_type=\"widget\" data-widget_type=\"toggle.default\">\n\t\t\t\t<div class=\"elementor-widget-container\">\n\t\t\t\t\t\t\t<div class=\"elementor-toggle\">\n\t\t\t\t\t\t\t<div class=\"elementor-toggle-item\">\n\t\t\t\t\t<div id=\"elementor-tab-title-8811\" class=\"elementor-tab-title\" data-tab=\"1\" role=\"button\" aria-controls=\"elementor-tab-content-8811\" aria-expanded=\"false\">\n\t\t\t\t\t\t\t\t\t\t\t\t<span class=\"elementor-toggle-icon elementor-toggle-icon-left\" aria-hidden=\"true\">\n\t\t\t\t\t\t\t\t\t\t\t\t\t\t\t<span class=\"elementor-toggle-icon-closed\"><i class=\"fas fa-caret-right\"><\/i><\/span>\n\t\t\t\t\t\t\t\t<span class=\"elementor-toggle-icon-opened\"><i class=\"elementor-toggle-icon-opened fas fa-caret-up\"><\/i><\/span>\n\t\t\t\t\t\t\t\t\t\t\t\t\t<\/span>\n\t\t\t\t\t\t\t\t\t\t\t\t<a class=\"elementor-toggle-title\" tabindex=\"0\">Contenu<\/a>\n\t\t\t\t\t<\/div>\n\n\t\t\t\t\t<div id=\"elementor-tab-content-8811\" class=\"elementor-tab-content elementor-clearfix\" data-tab=\"1\" role=\"region\" aria-labelledby=\"elementor-tab-title-8811\"><p>La Commission juridique du Conseil national (CAJ-N) s&#8217;est clairement prononc\u00e9e contre l&#8217;introduction de plaintes collectives. SwissHoldings salue express\u00e9ment cette d\u00e9cision. Le projet du Conseil f\u00e9d\u00e9ral impliquerait un changement massif du syst\u00e8me juridique suisse. L&#8217;introduction de plaintes collectives exposerait les entreprises \u00e0 des risques accrus d&#8217;actions en justice et p\u00e8serait ainsi consid\u00e9rablement sur la place \u00e9conomique suisse. Des exp\u00e9riences n\u00e9gatives \u00e0 l&#8217;\u00e9tranger montrent que les actions collectives ont conduit \u00e0 l&#8217;\u00e9tablissement d&#8217;une &#8220;industrie de la plainte&#8221;, favoris\u00e9e par des financeurs de proc\u00e8s externes. Une \u00e9tude command\u00e9e par SwissHoldings et economiesuisse confirme ces risques. Aujourd&#8217;hui d\u00e9j\u00e0, il existe en Suisse des m\u00e9canismes de r\u00e8glement collectif des litiges qui fonctionnent. Il n&#8217;y a aucune raison de reprendre des d\u00e9veloppements erron\u00e9s de l&#8217;\u00e9tranger.<\/p><\/div>\n\t\t\t\t<\/div>\n\t\t\t\t\t\t\t<div class=\"elementor-toggle-item\">\n\t\t\t\t\t<div id=\"elementor-tab-title-8812\" class=\"elementor-tab-title\" data-tab=\"2\" role=\"button\" aria-controls=\"elementor-tab-content-8812\" aria-expanded=\"false\">\n\t\t\t\t\t\t\t\t\t\t\t\t<span class=\"elementor-toggle-icon elementor-toggle-icon-left\" aria-hidden=\"true\">\n\t\t\t\t\t\t\t\t\t\t\t\t\t\t\t<span class=\"elementor-toggle-icon-closed\"><i class=\"fas fa-caret-right\"><\/i><\/span>\n\t\t\t\t\t\t\t\t<span class=\"elementor-toggle-icon-opened\"><i class=\"elementor-toggle-icon-opened fas fa-caret-up\"><\/i><\/span>\n\t\t\t\t\t\t\t\t\t\t\t\t\t<\/span>\n\t\t\t\t\t\t\t\t\t\t\t\t<a class=\"elementor-toggle-title\" tabindex=\"0\">\u00c9tat actuel<\/a>\n\t\t\t\t\t<\/div>\n\n\t\t\t\t\t<div id=\"elementor-tab-content-8812\" class=\"elementor-tab-content elementor-clearfix\" data-tab=\"2\" role=\"region\" aria-labelledby=\"elementor-tab-title-8812\"><p>Depuis plus de dix ans, l&#8217;introduction des actions collectives fait l&#8217;objet de discussions en Suisse. Le projet (<a href=\"https:\/\/www.parlament.ch\/fr\/ratsbetrieb\/suche-curia-vista\/geschaeft?AffairId=20210082\">21.082<\/a>) a \u00e9t\u00e9 adopt\u00e9 dans le message du Conseil f\u00e9d\u00e9ral du 10 d\u00e9cembre 2021. Lors de sa derni\u00e8re s\u00e9ance du 17 octobre 2024, la CAJ-N a d\u00e9cid\u00e9 par 14 voix contre 10 et une abstention de ne pas entrer en mati\u00e8re sur le projet. Une nette majorit\u00e9 de la commission se prononce ainsi contre la reprise d&#8217;un syst\u00e8me connu \u00e0 l&#8217;\u00e9tranger, qui conduit souvent \u00e0 des abus et au financement de plaintes par des tiers. La d\u00e9cision appartient d\u00e9sormais au Conseil national, qui doit d\u00e9cider de la suite \u00e0 donner au projet.<\/p><\/div>\n\t\t\t\t<\/div>\n\t\t\t\t\t\t\t<div class=\"elementor-toggle-item\">\n\t\t\t\t\t<div id=\"elementor-tab-title-8813\" class=\"elementor-tab-title\" data-tab=\"3\" role=\"button\" aria-controls=\"elementor-tab-content-8813\" aria-expanded=\"false\">\n\t\t\t\t\t\t\t\t\t\t\t\t<span class=\"elementor-toggle-icon elementor-toggle-icon-left\" aria-hidden=\"true\">\n\t\t\t\t\t\t\t\t\t\t\t\t\t\t\t<span class=\"elementor-toggle-icon-closed\"><i class=\"fas fa-caret-right\"><\/i><\/span>\n\t\t\t\t\t\t\t\t<span class=\"elementor-toggle-icon-opened\"><i class=\"elementor-toggle-icon-opened fas fa-caret-up\"><\/i><\/span>\n\t\t\t\t\t\t\t\t\t\t\t\t\t<\/span>\n\t\t\t\t\t\t\t\t\t\t\t\t<a class=\"elementor-toggle-title\" tabindex=\"0\">Position<\/a>\n\t\t\t\t\t<\/div>\n\n\t\t\t\t\t<div id=\"elementor-tab-content-8813\" class=\"elementor-tab-content elementor-clearfix\" data-tab=\"3\" role=\"region\" aria-labelledby=\"elementor-tab-title-8813\"><p>SwissHoldings s&#8217;oppose fermement \u00e0 l&#8217;introduction de plaintes collectives \u00e9largies et de comparaisons de groupe. Un regard sur l&#8217;\u00e9tranger montre que de tels m\u00e9canismes conduisent \u00e0 l&#8217;\u00e9tablissement d&#8217;une &#8220;industrie des plaintes&#8221;. Dans des pays comme le Royaume-Uni, les Pays-Bas et l&#8217;Allemagne en particulier, les actions collectives ont entra\u00een\u00e9 une augmentation massive des co\u00fbts pour les entreprises. Au Royaume-Uni, les demandes juridiques issues de recours collectifs ont presque \u00e9t\u00e9 multipli\u00e9es par douze entre 2016 et 2023. En outre, rien que dans l&#8217;UE, plus de 1,3 milliard de dollars ont \u00e9t\u00e9 investis dans de telles actions en justice. La Suisse ne devrait pas s&#8217;engager dans une direction similaire. Les m\u00e9canismes de r\u00e8glement des litiges d\u00e9j\u00e0 en place sont suffisants. SwissHoldings demande au Conseil national de suivre la Commission juridique et de ne pas entrer en mati\u00e8re sur le projet.<\/p><\/div>\n\t\t\t\t<\/div>\n\t\t\t\t\t\t\t<div class=\"elementor-toggle-item\">\n\t\t\t\t\t<div id=\"elementor-tab-title-8814\" class=\"elementor-tab-title\" data-tab=\"4\" role=\"button\" aria-controls=\"elementor-tab-content-8814\" aria-expanded=\"false\">\n\t\t\t\t\t\t\t\t\t\t\t\t<span class=\"elementor-toggle-icon elementor-toggle-icon-left\" aria-hidden=\"true\">\n\t\t\t\t\t\t\t\t\t\t\t\t\t\t\t<span class=\"elementor-toggle-icon-closed\"><i class=\"fas fa-caret-right\"><\/i><\/span>\n\t\t\t\t\t\t\t\t<span class=\"elementor-toggle-icon-opened\"><i class=\"elementor-toggle-icon-opened fas fa-caret-up\"><\/i><\/span>\n\t\t\t\t\t\t\t\t\t\t\t\t\t<\/span>\n\t\t\t\t\t\t\t\t\t\t\t\t<a class=\"elementor-toggle-title\" tabindex=\"0\">Contact<\/a>\n\t\t\t\t\t<\/div>\n\n\t\t\t\t\t<div id=\"elementor-tab-content-8814\" class=\"elementor-tab-content elementor-clearfix\" data-tab=\"4\" role=\"region\" aria-labelledby=\"elementor-tab-title-8814\"><p><strong>Denise Laufer<\/strong>\u00a0\u00a0\u00a0 Responsable du d\u00e9partement \u00e9conomique &amp; Membre du Comit\u00e9 Ex\u00e9cutif<br \/><span style=\"color: #000000\">\u2709\u00a0 \u00a0<a href=\"mailto:denise.laufer@swissholdings.ch\">denise.laufer@swissholdings.ch<\/a><br \/>\u260e\u00a0 \u00a0+41 (0)76 407 02 48<\/span><\/p><\/div>\n\t\t\t\t<\/div>\n\t\t\t\t\t\t\t\t<\/div>\n\t\t\t\t\t\t<\/div>\n\t\t\t\t<\/div>\n\t\t\t\t<div class=\"elementor-element elementor-element-c50067c elementor-widget-divider--view-line elementor-widget elementor-widget-divider\" data-id=\"c50067c\" data-element_type=\"widget\" data-widget_type=\"divider.default\">\n\t\t\t\t<div class=\"elementor-widget-container\">\n\t\t\t\t\t\t\t<div class=\"elementor-divider\">\n\t\t\t<span class=\"elementor-divider-separator\">\n\t\t\t\t\t\t<\/span>\n\t\t<\/div>\n\t\t\t\t\t\t<\/div>\n\t\t\t\t<\/div>\n\t\t\t\t<div class=\"elementor-element elementor-element-14d44d0 elementor-widget elementor-widget-text-editor\" data-id=\"14d44d0\" data-element_type=\"widget\" data-widget_type=\"text-editor.default\">\n\t\t\t\t<div class=\"elementor-widget-container\">\n\t\t\t\t\t\t\t\t\t<h5><a href=\"https:\/\/www.parlament.ch\/fr\/ratsbetrieb\/suche-curia-vista\/geschaeft?AffairId=20240069\">24.069<\/a> Accord de partenariat commercial et \u00e9conomique entre les \u00c9tats de l&#8217;AELE et la R\u00e9publique de l\u2019Inde. Approbation<\/h5><p><span lang=\"EN-GB\"><strong>Recommandation<\/strong><\/span><\/p><p><span lang=\"EN-GB\">SwissHoldings est favorable \u00e0 l&#8217;accord, car il supprime les obstacles au commerce, encourage les investissements, renforce le d\u00e9veloppement durable et cr\u00e9e une s\u00e9curit\u00e9 juridique.<\/span><\/p><p>\u00c0 l&#8217;ordre du jour le <strong>20 mars 2025<\/strong><\/p><p><span lang=\"EN-GB\">\u00a0<\/span><\/p>\t\t\t\t\t\t\t\t<\/div>\n\t\t\t\t<\/div>\n\t\t\t\t<div class=\"elementor-element elementor-element-93a1be8 elementor-widget elementor-widget-toggle\" data-id=\"93a1be8\" data-element_type=\"widget\" data-widget_type=\"toggle.default\">\n\t\t\t\t<div class=\"elementor-widget-container\">\n\t\t\t\t\t\t\t<div class=\"elementor-toggle\">\n\t\t\t\t\t\t\t<div class=\"elementor-toggle-item\">\n\t\t\t\t\t<div id=\"elementor-tab-title-1541\" class=\"elementor-tab-title\" data-tab=\"1\" role=\"button\" aria-controls=\"elementor-tab-content-1541\" aria-expanded=\"false\">\n\t\t\t\t\t\t\t\t\t\t\t\t<span class=\"elementor-toggle-icon elementor-toggle-icon-left\" aria-hidden=\"true\">\n\t\t\t\t\t\t\t\t\t\t\t\t\t\t\t<span class=\"elementor-toggle-icon-closed\"><i class=\"fas fa-caret-right\"><\/i><\/span>\n\t\t\t\t\t\t\t\t<span class=\"elementor-toggle-icon-opened\"><i class=\"elementor-toggle-icon-opened fas fa-caret-up\"><\/i><\/span>\n\t\t\t\t\t\t\t\t\t\t\t\t\t<\/span>\n\t\t\t\t\t\t\t\t\t\t\t\t<a class=\"elementor-toggle-title\" tabindex=\"0\">Contenu<\/a>\n\t\t\t\t\t<\/div>\n\n\t\t\t\t\t<div id=\"elementor-tab-content-1541\" class=\"elementor-tab-content elementor-clearfix\" data-tab=\"1\" role=\"region\" aria-labelledby=\"elementor-tab-title-1541\"><p>L&#8217;accord de commerce et de partenariat \u00e9conomique entre les Etats de l&#8217;AELE et l&#8217;Inde, sign\u00e9 le 10 mars 2024, renforce les relations \u00e9conomiques entre les deux r\u00e9gions. Il am\u00e9liore l&#8217;acc\u00e8s au march\u00e9 pour les entreprises suisses et r\u00e9duit les obstacles au commerce, notamment dans les secteurs de la pharmacie, de la construction de machines et des instruments de pr\u00e9cision. 94,7 % des exportations suisses b\u00e9n\u00e9ficient d&#8217;all\u00e9gements douaniers, parfois assortis de d\u00e9lais transitoires. En outre, l&#8217;accord encourage les investissements et engage les deux parties \u00e0 respecter des normes environnementales et de travail. Un comit\u00e9 mixte assure la mise en \u0153uvre et le r\u00e8glement des diff\u00e9rends.<\/p><\/div>\n\t\t\t\t<\/div>\n\t\t\t\t\t\t\t<div class=\"elementor-toggle-item\">\n\t\t\t\t\t<div id=\"elementor-tab-title-1542\" class=\"elementor-tab-title\" data-tab=\"2\" role=\"button\" aria-controls=\"elementor-tab-content-1542\" aria-expanded=\"false\">\n\t\t\t\t\t\t\t\t\t\t\t\t<span class=\"elementor-toggle-icon elementor-toggle-icon-left\" aria-hidden=\"true\">\n\t\t\t\t\t\t\t\t\t\t\t\t\t\t\t<span class=\"elementor-toggle-icon-closed\"><i class=\"fas fa-caret-right\"><\/i><\/span>\n\t\t\t\t\t\t\t\t<span class=\"elementor-toggle-icon-opened\"><i class=\"elementor-toggle-icon-opened fas fa-caret-up\"><\/i><\/span>\n\t\t\t\t\t\t\t\t\t\t\t\t\t<\/span>\n\t\t\t\t\t\t\t\t\t\t\t\t<a class=\"elementor-toggle-title\" tabindex=\"0\">\u00c9tat actuel<\/a>\n\t\t\t\t\t<\/div>\n\n\t\t\t\t\t<div id=\"elementor-tab-content-1542\" class=\"elementor-tab-content elementor-clearfix\" data-tab=\"2\" role=\"region\" aria-labelledby=\"elementor-tab-title-1542\"><p>Session de printemps 2025 : d\u00e9bat au Conseil national<\/p><\/div>\n\t\t\t\t<\/div>\n\t\t\t\t\t\t\t<div class=\"elementor-toggle-item\">\n\t\t\t\t\t<div id=\"elementor-tab-title-1543\" class=\"elementor-tab-title\" data-tab=\"3\" role=\"button\" aria-controls=\"elementor-tab-content-1543\" aria-expanded=\"false\">\n\t\t\t\t\t\t\t\t\t\t\t\t<span class=\"elementor-toggle-icon elementor-toggle-icon-left\" aria-hidden=\"true\">\n\t\t\t\t\t\t\t\t\t\t\t\t\t\t\t<span class=\"elementor-toggle-icon-closed\"><i class=\"fas fa-caret-right\"><\/i><\/span>\n\t\t\t\t\t\t\t\t<span class=\"elementor-toggle-icon-opened\"><i class=\"elementor-toggle-icon-opened fas fa-caret-up\"><\/i><\/span>\n\t\t\t\t\t\t\t\t\t\t\t\t\t<\/span>\n\t\t\t\t\t\t\t\t\t\t\t\t<a class=\"elementor-toggle-title\" tabindex=\"0\">Position<\/a>\n\t\t\t\t\t<\/div>\n\n\t\t\t\t\t<div id=\"elementor-tab-content-1543\" class=\"elementor-tab-content elementor-clearfix\" data-tab=\"3\" role=\"region\" aria-labelledby=\"elementor-tab-title-1543\"><p>SwissHoldings soutient l&#8217;accord car il renforce la coop\u00e9ration \u00e9conomique avec l&#8217;un des march\u00e9s \u00e0 la croissance la plus rapide du monde.<\/p><ol><li>R\u00e9duction des droits de douane &amp; acc\u00e8s au march\u00e9 : 94,7 % des exportations suisses b\u00e9n\u00e9ficient d&#8217;all\u00e8gements douaniers, ce qui rend les entreprises plus comp\u00e9titives.<\/li><li>Promotion des investissements : pour la premi\u00e8re fois, l&#8217;accord comprend des mesures visant \u00e0 accro\u00eetre les investissements et la pr\u00e9sence sur le march\u00e9 indien.<\/li><li>D\u00e9veloppement durable : les engagements en mati\u00e8re de normes environnementales et de travail renforcent l&#8217;acceptation de l&#8217;accord.<\/li><li>S\u00e9curit\u00e9 juridique et r\u00e8glement des litiges : Des r\u00e8gles claires et une structure institutionnelle garantissent la stabilit\u00e9 et la s\u00e9curit\u00e9 de la planification \u00e0 long terme.<\/li><\/ol><p>Cet accord renforce les relations commerciales et assure \u00e0 l&#8217;\u00e9conomie suisse un avantage sur un march\u00e9 strat\u00e9giquement important.<\/p><\/div>\n\t\t\t\t<\/div>\n\t\t\t\t\t\t\t<div class=\"elementor-toggle-item\">\n\t\t\t\t\t<div id=\"elementor-tab-title-1544\" class=\"elementor-tab-title\" data-tab=\"4\" role=\"button\" aria-controls=\"elementor-tab-content-1544\" aria-expanded=\"false\">\n\t\t\t\t\t\t\t\t\t\t\t\t<span class=\"elementor-toggle-icon elementor-toggle-icon-left\" aria-hidden=\"true\">\n\t\t\t\t\t\t\t\t\t\t\t\t\t\t\t<span class=\"elementor-toggle-icon-closed\"><i class=\"fas fa-caret-right\"><\/i><\/span>\n\t\t\t\t\t\t\t\t<span class=\"elementor-toggle-icon-opened\"><i class=\"elementor-toggle-icon-opened fas fa-caret-up\"><\/i><\/span>\n\t\t\t\t\t\t\t\t\t\t\t\t\t<\/span>\n\t\t\t\t\t\t\t\t\t\t\t\t<a class=\"elementor-toggle-title\" tabindex=\"0\">Contact<\/a>\n\t\t\t\t\t<\/div>\n\n\t\t\t\t\t<div id=\"elementor-tab-content-1544\" class=\"elementor-tab-content elementor-clearfix\" data-tab=\"4\" role=\"region\" aria-labelledby=\"elementor-tab-title-1544\"><p><strong>Denise Laufer<\/strong>\u00a0\u00a0\u00a0 Responsable du d\u00e9partement \u00e9conomique &amp; Membre du Comit\u00e9 Ex\u00e9cutif<br \/><span style=\"color: #000000\">\u2709\u00a0 \u00a0<\/span><a href=\"mailto:denise.laufer@swissholdings.ch\">denise.laufer@swissholdings.ch<\/a><br style=\"color: #000000\" \/><span style=\"color: #000000\">\u260e\u00a0 \u00a0+41 (0)76 407 02 48<\/span><\/p><\/div>\n\t\t\t\t<\/div>\n\t\t\t\t\t\t\t\t<\/div>\n\t\t\t\t\t\t<\/div>\n\t\t\t\t<\/div>\n\t\t\t\t<div class=\"elementor-element elementor-element-339ee36 elementor-widget-divider--view-line elementor-widget elementor-widget-divider\" data-id=\"339ee36\" data-element_type=\"widget\" data-widget_type=\"divider.default\">\n\t\t\t\t<div class=\"elementor-widget-container\">\n\t\t\t\t\t\t\t<div class=\"elementor-divider\">\n\t\t\t<span class=\"elementor-divider-separator\">\n\t\t\t\t\t\t<\/span>\n\t\t<\/div>\n\t\t\t\t\t\t<\/div>\n\t\t\t\t<\/div>\n\t\t\t\t<div class=\"elementor-element elementor-element-4a5481d elementor-widget elementor-widget-text-editor\" data-id=\"4a5481d\" data-element_type=\"widget\" data-widget_type=\"text-editor.default\">\n\t\t\t\t<div class=\"elementor-widget-container\">\n\t\t\t\t\t\t\t\t\t<h5><a href=\"https:\/\/www.parlament.ch\/fr\/ratsbetrieb\/suche-curia-vista\/geschaeft?AffairId=20210432\">21.432<\/a> \u00c9tablir les bases d&#8217;un m\u00e9canisme d&#8217;ajustement des \u00e9missions de carbone aux fronti\u00e8res<\/h5><p><span lang=\"EN-GB\"><strong>Recommandation<\/strong><\/span><\/p><p>SwissHoldings recommande de classer l&#8217;initiative parlementaire \u00e0 l&#8217;heure actuelle et d&#8217;attendre les d\u00e9veloppements dans l&#8217;UE et au niveau international. Dans deux ans, le Parlement pourra reprendre la discussion si les conditions-cadres sont plus claires.<\/p><p>\u00c0 l&#8217;ordre du jour le <strong>21 mars 2025<\/strong><\/p>\t\t\t\t\t\t\t\t<\/div>\n\t\t\t\t<\/div>\n\t\t\t\t<div class=\"elementor-element elementor-element-bfb4038 elementor-widget elementor-widget-toggle\" data-id=\"bfb4038\" data-element_type=\"widget\" data-widget_type=\"toggle.default\">\n\t\t\t\t<div class=\"elementor-widget-container\">\n\t\t\t\t\t\t\t<div class=\"elementor-toggle\">\n\t\t\t\t\t\t\t<div class=\"elementor-toggle-item\">\n\t\t\t\t\t<div id=\"elementor-tab-title-2011\" class=\"elementor-tab-title\" data-tab=\"1\" role=\"button\" aria-controls=\"elementor-tab-content-2011\" aria-expanded=\"false\">\n\t\t\t\t\t\t\t\t\t\t\t\t<span class=\"elementor-toggle-icon elementor-toggle-icon-left\" aria-hidden=\"true\">\n\t\t\t\t\t\t\t\t\t\t\t\t\t\t\t<span class=\"elementor-toggle-icon-closed\"><i class=\"fas fa-caret-right\"><\/i><\/span>\n\t\t\t\t\t\t\t\t<span class=\"elementor-toggle-icon-opened\"><i class=\"elementor-toggle-icon-opened fas fa-caret-up\"><\/i><\/span>\n\t\t\t\t\t\t\t\t\t\t\t\t\t<\/span>\n\t\t\t\t\t\t\t\t\t\t\t\t<a class=\"elementor-toggle-title\" tabindex=\"0\">Contenu<\/a>\n\t\t\t\t\t<\/div>\n\n\t\t\t\t\t<div id=\"elementor-tab-content-2011\" class=\"elementor-tab-content elementor-clearfix\" data-tab=\"1\" role=\"region\" aria-labelledby=\"elementor-tab-title-2011\"><p>L&#8217;initiative parlementaire porte sur l&#8217;introduction d&#8217;un syst\u00e8me de compensation des \u00e9missions de CO\u2082 pour la Suisse. Le Conseil national examine \u00e0 pr\u00e9sent si le d\u00e9lai de traitement doit \u00eatre prolong\u00e9 de deux ans. L&#8217;objectif de l&#8217;initiative est d&#8217;\u00e9viter les distorsions de concurrence dues \u00e0 des taxes sur le CO\u2082 moins \u00e9lev\u00e9es \u00e0 l&#8217;\u00e9tranger et de r\u00e9duire les fuites de carbone. L&#8217;UE met actuellement en place un syst\u00e8me comparable (CBAM), mais celui-ci se trouve encore dans une phase de transition et est confront\u00e9 \u00e0 d&#8217;importants probl\u00e8mes de mise en \u0153uvre. L&#8217;UE \u00e9tudie actuellement des adaptations, dont des exemptions possibles pour 80 % des entreprises, afin de r\u00e9duire la bureaucratie. De plus, il existe une incertitude quant \u00e0 la position de l&#8217;administration Trump ou d&#8217;autres partenaires commerciaux internationaux sur le CBAM. \u00c9tant donn\u00e9 que l&#8217;impact de CBAM dans l&#8217;UE n&#8217;est pas encore clair, la Suisse ne devrait pas agir pr\u00e9matur\u00e9ment. Une reprise ult\u00e9rieure du sujet reste possible.<\/p><\/div>\n\t\t\t\t<\/div>\n\t\t\t\t\t\t\t<div class=\"elementor-toggle-item\">\n\t\t\t\t\t<div id=\"elementor-tab-title-2012\" class=\"elementor-tab-title\" data-tab=\"2\" role=\"button\" aria-controls=\"elementor-tab-content-2012\" aria-expanded=\"false\">\n\t\t\t\t\t\t\t\t\t\t\t\t<span class=\"elementor-toggle-icon elementor-toggle-icon-left\" aria-hidden=\"true\">\n\t\t\t\t\t\t\t\t\t\t\t\t\t\t\t<span class=\"elementor-toggle-icon-closed\"><i class=\"fas fa-caret-right\"><\/i><\/span>\n\t\t\t\t\t\t\t\t<span class=\"elementor-toggle-icon-opened\"><i class=\"elementor-toggle-icon-opened fas fa-caret-up\"><\/i><\/span>\n\t\t\t\t\t\t\t\t\t\t\t\t\t<\/span>\n\t\t\t\t\t\t\t\t\t\t\t\t<a class=\"elementor-toggle-title\" tabindex=\"0\">\u00c9tat actuel<\/a>\n\t\t\t\t\t<\/div>\n\n\t\t\t\t\t<div id=\"elementor-tab-content-2012\" class=\"elementor-tab-content elementor-clearfix\" data-tab=\"2\" role=\"region\" aria-labelledby=\"elementor-tab-title-2012\"><p>Session de printemps 2025 : examen de la prolongation de deux ans du d\u00e9lai pour le traitement de l&#8217;initiative parlementaire<\/p><\/div>\n\t\t\t\t<\/div>\n\t\t\t\t\t\t\t<div class=\"elementor-toggle-item\">\n\t\t\t\t\t<div id=\"elementor-tab-title-2013\" class=\"elementor-tab-title\" data-tab=\"3\" role=\"button\" aria-controls=\"elementor-tab-content-2013\" aria-expanded=\"false\">\n\t\t\t\t\t\t\t\t\t\t\t\t<span class=\"elementor-toggle-icon elementor-toggle-icon-left\" aria-hidden=\"true\">\n\t\t\t\t\t\t\t\t\t\t\t\t\t\t\t<span class=\"elementor-toggle-icon-closed\"><i class=\"fas fa-caret-right\"><\/i><\/span>\n\t\t\t\t\t\t\t\t<span class=\"elementor-toggle-icon-opened\"><i class=\"elementor-toggle-icon-opened fas fa-caret-up\"><\/i><\/span>\n\t\t\t\t\t\t\t\t\t\t\t\t\t<\/span>\n\t\t\t\t\t\t\t\t\t\t\t\t<a class=\"elementor-toggle-title\" tabindex=\"0\">Position<\/a>\n\t\t\t\t\t<\/div>\n\n\t\t\t\t\t<div id=\"elementor-tab-content-2013\" class=\"elementor-tab-content elementor-clearfix\" data-tab=\"3\" role=\"region\" aria-labelledby=\"elementor-tab-title-2013\"><p>SwissHoldings salue une strat\u00e9gie coh\u00e9rente de compensation des \u00e9missions de CO\u2082, mais met en garde contre les obstacles bureaucratiques et les charges administratives qui p\u00e8sent sur les entreprises. Les d\u00e9fis concernent notamment la validation des donn\u00e9es, la d\u00e9centralisation des rapports et l&#8217;obtention de donn\u00e9es fiables sur les \u00e9missions de CO\u2082 aupr\u00e8s des fournisseurs. De plus, il reste difficile de savoir qui est responsable du reporting. \u00c9tant donn\u00e9 que l&#8217;UE elle-m\u00eame est confront\u00e9e \u00e0 d&#8217;importants probl\u00e8mes de mise en \u0153uvre de CBAM et que des adaptations possibles telles que des exceptions pour 80 % des entreprises sont en discussion, la Suisse devrait pour l&#8217;instant renoncer \u00e0 sa propre r\u00e9glementation. SwissHoldings soutient donc le classement de l&#8217;initiative parlementaire. Si le CBAM s&#8217;\u00e9tablit comme un syst\u00e8me viable dans l&#8217;UE, le Parlement pourra reprendre le sujet plus tard. Ce qui est d\u00e9cisif, c&#8217;est une solution conforme \u00e0 l&#8217;OMC et favorable \u00e0 l&#8217;\u00e9conomie, qui cr\u00e9e une s\u00e9curit\u00e9 de planification pour les entreprises et \u00e9vite les conflits commerciaux internationaux.<\/p><\/div>\n\t\t\t\t<\/div>\n\t\t\t\t\t\t\t<div class=\"elementor-toggle-item\">\n\t\t\t\t\t<div id=\"elementor-tab-title-2014\" class=\"elementor-tab-title\" data-tab=\"4\" role=\"button\" aria-controls=\"elementor-tab-content-2014\" aria-expanded=\"false\">\n\t\t\t\t\t\t\t\t\t\t\t\t<span class=\"elementor-toggle-icon elementor-toggle-icon-left\" aria-hidden=\"true\">\n\t\t\t\t\t\t\t\t\t\t\t\t\t\t\t<span class=\"elementor-toggle-icon-closed\"><i class=\"fas fa-caret-right\"><\/i><\/span>\n\t\t\t\t\t\t\t\t<span class=\"elementor-toggle-icon-opened\"><i class=\"elementor-toggle-icon-opened fas fa-caret-up\"><\/i><\/span>\n\t\t\t\t\t\t\t\t\t\t\t\t\t<\/span>\n\t\t\t\t\t\t\t\t\t\t\t\t<a class=\"elementor-toggle-title\" tabindex=\"0\">Kontakt<\/a>\n\t\t\t\t\t<\/div>\n\n\t\t\t\t\t<div id=\"elementor-tab-content-2014\" class=\"elementor-tab-content elementor-clearfix\" data-tab=\"4\" role=\"region\" aria-labelledby=\"elementor-tab-title-2014\"><p><strong>Denise Laufer<\/strong>\u00a0\u00a0 Responsable du d\u00e9partement \u00e9conomique &amp; Membre du Comit\u00e9 Ex\u00e9cutif<br \/><span style=\"color: #000000\">\u2709\u00a0 \u00a0<\/span><a href=\"mailto:denise.laufer@swissholdings.ch\">denise.laufer@swissholdings.ch<\/a><br style=\"color: #000000\" \/><span style=\"color: #000000\">\u260e\u00a0 \u00a0+41 (0)76 407 02 48<\/span><\/p><p><strong>Martin Hess \u00a0\u00a0<\/strong>Responsable du d\u00e9partement fiscalit\u00e9 &amp; Membre du Comit\u00e9 Ex\u00e9cutif<br \/><span style=\"color: #000000\">\u2709\u00a0 \u00a0<a href=\"mailto:martin.hess@swissholdings.ch\">martin.hess@swissholdings.ch<\/a><br \/>\u260e\u00a0 \u00a0+41 (0)78 805 04 95<br \/><\/span><\/p><\/div>\n\t\t\t\t<\/div>\n\t\t\t\t\t\t\t\t<\/div>\n\t\t\t\t\t\t<\/div>\n\t\t\t\t<\/div>\n\t\t\t\t<div class=\"elementor-element elementor-element-8fc848f elementor-widget elementor-widget-spacer\" data-id=\"8fc848f\" data-element_type=\"widget\" data-widget_type=\"spacer.default\">\n\t\t\t\t<div class=\"elementor-widget-container\">\n\t\t\t\t\t\t\t<div class=\"elementor-spacer\">\n\t\t\t<div class=\"elementor-spacer-inner\"><\/div>\n\t\t<\/div>\n\t\t\t\t\t\t<\/div>\n\t\t\t\t<\/div>\n\t\t\t\t<div class=\"elementor-element elementor-element-799b6e9 elementor-widget elementor-widget-heading\" data-id=\"799b6e9\" data-element_type=\"widget\" data-widget_type=\"heading.default\">\n\t\t\t\t<div class=\"elementor-widget-container\">\n\t\t\t\t\t<h2 class=\"elementor-heading-title elementor-size-default\">Conseil des \u00c9tats<\/h2>\t\t\t\t<\/div>\n\t\t\t\t<\/div>\n\t\t\t\t<div class=\"elementor-element elementor-element-7f00e91 elementor-widget elementor-widget-text-editor\" data-id=\"7f00e91\" data-element_type=\"widget\" data-widget_type=\"text-editor.default\">\n\t\t\t\t<div class=\"elementor-widget-container\">\n\t\t\t\t\t\t\t\t\t<h5><a href=\"https:\/\/www.parlament.ch\/fr\/ratsbetrieb\/suche-curia-vista\/geschaeft?AffairId=20230086\">23.086<\/a> Loi f\u00e9d\u00e9rale sur l\u2019examen des investissements \u00e9trangers<\/h5><p><span lang=\"EN-GB\"><strong>Recommandation<\/strong><\/span><\/p><p><span lang=\"EN-GB\">SwissHoldings approuve la d\u00e9cision de la CER-E de ne pas entrer en mati\u00e8re sur la loi sur l&#8217;examen des investissements. Cela \u00e9vite une bureaucratie suppl\u00e9mentaire et renforce la place \u00e9conomique suisse.<\/span><\/p><p>A l&#8217;ordre du jour le <strong>17 mars 2025<\/strong><\/p>\t\t\t\t\t\t\t\t<\/div>\n\t\t\t\t<\/div>\n\t\t\t\t<div class=\"elementor-element elementor-element-4948649 elementor-widget elementor-widget-toggle\" data-id=\"4948649\" data-element_type=\"widget\" data-widget_type=\"toggle.default\">\n\t\t\t\t<div class=\"elementor-widget-container\">\n\t\t\t\t\t\t\t<div class=\"elementor-toggle\">\n\t\t\t\t\t\t\t<div class=\"elementor-toggle-item\">\n\t\t\t\t\t<div id=\"elementor-tab-title-7681\" class=\"elementor-tab-title\" data-tab=\"1\" role=\"button\" aria-controls=\"elementor-tab-content-7681\" aria-expanded=\"false\">\n\t\t\t\t\t\t\t\t\t\t\t\t<span class=\"elementor-toggle-icon elementor-toggle-icon-left\" aria-hidden=\"true\">\n\t\t\t\t\t\t\t\t\t\t\t\t\t\t\t<span class=\"elementor-toggle-icon-closed\"><i class=\"fas fa-caret-right\"><\/i><\/span>\n\t\t\t\t\t\t\t\t<span class=\"elementor-toggle-icon-opened\"><i class=\"elementor-toggle-icon-opened fas fa-caret-up\"><\/i><\/span>\n\t\t\t\t\t\t\t\t\t\t\t\t\t<\/span>\n\t\t\t\t\t\t\t\t\t\t\t\t<a class=\"elementor-toggle-title\" tabindex=\"0\">Contenu<\/a>\n\t\t\t\t\t<\/div>\n\n\t\t\t\t\t<div id=\"elementor-tab-content-7681\" class=\"elementor-tab-content elementor-clearfix\" data-tab=\"1\" role=\"region\" aria-labelledby=\"elementor-tab-title-7681\"><p>L&#8217;introduction d&#8217;un contr\u00f4le des investissements devait permettre d&#8217;emp\u00eacher les rachats d&#8217;entreprises nationales par des \u00e9trangers si ceux-ci mena\u00e7aient la s\u00e9curit\u00e9 publique. La CER-E a toutefois d\u00e9cid\u00e9, par 8 voix contre 4, de ne pas entrer en mati\u00e8re sur le projet. Selon elle, les infrastructures critiques sont d\u00e9j\u00e0 prot\u00e9g\u00e9es et les extensions propos\u00e9es par le Conseil national cr\u00e9eraient une bureaucratie inutile et des incertitudes juridiques sans apporter de r\u00e9elle valeur ajout\u00e9e. Une minorit\u00e9 estime en revanche qu&#8217;un d\u00e9bat sur les contr\u00f4les des investissements est n\u00e9cessaire.<\/p><\/div>\n\t\t\t\t<\/div>\n\t\t\t\t\t\t\t<div class=\"elementor-toggle-item\">\n\t\t\t\t\t<div id=\"elementor-tab-title-7682\" class=\"elementor-tab-title\" data-tab=\"2\" role=\"button\" aria-controls=\"elementor-tab-content-7682\" aria-expanded=\"false\">\n\t\t\t\t\t\t\t\t\t\t\t\t<span class=\"elementor-toggle-icon elementor-toggle-icon-left\" aria-hidden=\"true\">\n\t\t\t\t\t\t\t\t\t\t\t\t\t\t\t<span class=\"elementor-toggle-icon-closed\"><i class=\"fas fa-caret-right\"><\/i><\/span>\n\t\t\t\t\t\t\t\t<span class=\"elementor-toggle-icon-opened\"><i class=\"elementor-toggle-icon-opened fas fa-caret-up\"><\/i><\/span>\n\t\t\t\t\t\t\t\t\t\t\t\t\t<\/span>\n\t\t\t\t\t\t\t\t\t\t\t\t<a class=\"elementor-toggle-title\" tabindex=\"0\">\u00c9tat actuel<\/a>\n\t\t\t\t\t<\/div>\n\n\t\t\t\t\t<div id=\"elementor-tab-content-7682\" class=\"elementor-tab-content elementor-clearfix\" data-tab=\"2\" role=\"region\" aria-labelledby=\"elementor-tab-title-7682\"><p>14.11.2024 : La CER-E d\u00e9cide par 8 voix contre 4 de ne pas entrer en mati\u00e8re sur le projet.<\/p><p>Session de printemps 2025 : d\u00e9bats au Conseil des Etats<\/p><\/div>\n\t\t\t\t<\/div>\n\t\t\t\t\t\t\t<div class=\"elementor-toggle-item\">\n\t\t\t\t\t<div id=\"elementor-tab-title-7683\" class=\"elementor-tab-title\" data-tab=\"3\" role=\"button\" aria-controls=\"elementor-tab-content-7683\" aria-expanded=\"false\">\n\t\t\t\t\t\t\t\t\t\t\t\t<span class=\"elementor-toggle-icon elementor-toggle-icon-left\" aria-hidden=\"true\">\n\t\t\t\t\t\t\t\t\t\t\t\t\t\t\t<span class=\"elementor-toggle-icon-closed\"><i class=\"fas fa-caret-right\"><\/i><\/span>\n\t\t\t\t\t\t\t\t<span class=\"elementor-toggle-icon-opened\"><i class=\"elementor-toggle-icon-opened fas fa-caret-up\"><\/i><\/span>\n\t\t\t\t\t\t\t\t\t\t\t\t\t<\/span>\n\t\t\t\t\t\t\t\t\t\t\t\t<a class=\"elementor-toggle-title\" tabindex=\"0\">Position<\/a>\n\t\t\t\t\t<\/div>\n\n\t\t\t\t\t<div id=\"elementor-tab-content-7683\" class=\"elementor-tab-content elementor-clearfix\" data-tab=\"3\" role=\"region\" aria-labelledby=\"elementor-tab-title-7683\"><p>SwissHoldings s&#8217;engage pour une place \u00e9conomique ouverte et favorable aux investissements et salue la d\u00e9cision de la CER-E. L&#8217;examen des investissements pr\u00e9vu n&#8217;aurait pas apport\u00e9 de protection suppl\u00e9mentaire, mais aurait entra\u00een\u00e9 des d\u00e9savantages \u00e9conomiques consid\u00e9rables. Les infrastructures critiques sont d\u00e9j\u00e0 prot\u00e9g\u00e9es et la Suisse perdrait de son attractivit\u00e9 en tant que site d&#8217;implantation si un examen complet \u00e9tait introduit. De plus, des mesures de r\u00e9torsion \u00e9trang\u00e8res pourraient suivre. Une place \u00e9conomique fiable doit offrir la s\u00e9curit\u00e9 aux investisseurs au lieu d&#8217;\u00eatre d\u00e9courag\u00e9e par des r\u00e9glementations excessives.<\/p><\/div>\n\t\t\t\t<\/div>\n\t\t\t\t\t\t\t<div class=\"elementor-toggle-item\">\n\t\t\t\t\t<div id=\"elementor-tab-title-7684\" class=\"elementor-tab-title\" data-tab=\"4\" role=\"button\" aria-controls=\"elementor-tab-content-7684\" aria-expanded=\"false\">\n\t\t\t\t\t\t\t\t\t\t\t\t<span class=\"elementor-toggle-icon elementor-toggle-icon-left\" aria-hidden=\"true\">\n\t\t\t\t\t\t\t\t\t\t\t\t\t\t\t<span class=\"elementor-toggle-icon-closed\"><i class=\"fas fa-caret-right\"><\/i><\/span>\n\t\t\t\t\t\t\t\t<span class=\"elementor-toggle-icon-opened\"><i class=\"elementor-toggle-icon-opened fas fa-caret-up\"><\/i><\/span>\n\t\t\t\t\t\t\t\t\t\t\t\t\t<\/span>\n\t\t\t\t\t\t\t\t\t\t\t\t<a class=\"elementor-toggle-title\" tabindex=\"0\">Contact<\/a>\n\t\t\t\t\t<\/div>\n\n\t\t\t\t\t<div id=\"elementor-tab-content-7684\" class=\"elementor-tab-content elementor-clearfix\" data-tab=\"4\" role=\"region\" aria-labelledby=\"elementor-tab-title-7684\"><p><strong>Denise Laufer<\/strong> \u00a0\u00a0 Responsable du d\u00e9partement \u00e9conomique &amp; Membre du Comit\u00e9 Ex\u00e9cutif<br \/><span style=\"color: #000000\">\u2709\u00a0 \u00a0<\/span><a href=\"mailto:denise.laufer@swissholdings.ch\">denise.laufer@swissholdings.ch<\/a><br style=\"color: #000000\" \/><span style=\"color: #000000\">\u260e\u00a0 \u00a0+41 (0)76 407 02 48<\/span><\/p><\/div>\n\t\t\t\t<\/div>\n\t\t\t\t\t\t\t\t<\/div>\n\t\t\t\t\t\t<\/div>\n\t\t\t\t<\/div>\n\t\t\t\t<div class=\"elementor-element elementor-element-461de0e elementor-widget-divider--view-line elementor-widget elementor-widget-divider\" data-id=\"461de0e\" data-element_type=\"widget\" data-widget_type=\"divider.default\">\n\t\t\t\t<div class=\"elementor-widget-container\">\n\t\t\t\t\t\t\t<div class=\"elementor-divider\">\n\t\t\t<span class=\"elementor-divider-separator\">\n\t\t\t\t\t\t<\/span>\n\t\t<\/div>\n\t\t\t\t\t\t<\/div>\n\t\t\t\t<\/div>\n\t\t\t\t<div class=\"elementor-element elementor-element-61b3d8d elementor-widget-divider--view-line elementor-widget elementor-widget-divider\" data-id=\"61b3d8d\" data-element_type=\"widget\" data-widget_type=\"divider.default\">\n\t\t\t\t<div class=\"elementor-widget-container\">\n\t\t\t\t\t\t\t<div class=\"elementor-divider\">\n\t\t\t<span class=\"elementor-divider-separator\">\n\t\t\t\t\t\t<\/span>\n\t\t<\/div>\n\t\t\t\t\t\t<\/div>\n\t\t\t\t<\/div>\n\t\t\t\t<div class=\"elementor-element elementor-element-b18dc12 elementor-widget elementor-widget-text-editor\" data-id=\"b18dc12\" data-element_type=\"widget\" data-widget_type=\"text-editor.default\">\n\t\t\t\t<div class=\"elementor-widget-container\">\n\t\t\t\t\t\t\t\t\t<h5><a href=\"https:\/\/www.parlament.ch\/fr\/ratsbetrieb\/suche-curia-vista\/geschaeft?AffairId=20244272\">24.4272<\/a> Augmentation du budget de l&#8217;arm\u00e9e et contre-financement sur la p\u00e9riode 2025\u20132032<\/h5><p><em><strong>Information du 24\/02\/2025 :<\/strong> La Commission des finances du Conseil des \u00c9tats a annonc\u00e9 dans un <a href=\"https:\/\/www.parlament.ch\/press-releases\/Pages\/mm-fk-s-2025-02-24.aspx?lang=1036\" target=\"_blank\" rel=\"noopener\">communiqu\u00e9 de presse<\/a> que la motion \u00e9tait retir\u00e9e. En lieu et place, un rapport sera command\u00e9 au D\u00e9partement f\u00e9d\u00e9ral des finances pour des clarifications suppl\u00e9mentaires.<\/em><\/p><p><strong>Recommandation<\/strong><\/p><p><span lang=\"EN-GB\">SwissHoldings recommande de rejeter la motion, car la contrepartie financi\u00e8re propos\u00e9e ne constitue pas la bonne voie.\u00a0<\/span><\/p><p>A l&#8217;ordre du jour le <strong>17 mars 2025<\/strong><\/p>\t\t\t\t\t\t\t\t<\/div>\n\t\t\t\t<\/div>\n\t\t\t\t<div class=\"elementor-element elementor-element-9a63c89 elementor-widget elementor-widget-toggle\" data-id=\"9a63c89\" data-element_type=\"widget\" data-widget_type=\"toggle.default\">\n\t\t\t\t<div class=\"elementor-widget-container\">\n\t\t\t\t\t\t\t<div class=\"elementor-toggle\">\n\t\t\t\t\t\t\t<div class=\"elementor-toggle-item\">\n\t\t\t\t\t<div id=\"elementor-tab-title-1611\" class=\"elementor-tab-title\" data-tab=\"1\" role=\"button\" aria-controls=\"elementor-tab-content-1611\" aria-expanded=\"false\">\n\t\t\t\t\t\t\t\t\t\t\t\t<span class=\"elementor-toggle-icon elementor-toggle-icon-left\" aria-hidden=\"true\">\n\t\t\t\t\t\t\t\t\t\t\t\t\t\t\t<span class=\"elementor-toggle-icon-closed\"><i class=\"fas fa-caret-right\"><\/i><\/span>\n\t\t\t\t\t\t\t\t<span class=\"elementor-toggle-icon-opened\"><i class=\"elementor-toggle-icon-opened fas fa-caret-up\"><\/i><\/span>\n\t\t\t\t\t\t\t\t\t\t\t\t\t<\/span>\n\t\t\t\t\t\t\t\t\t\t\t\t<a class=\"elementor-toggle-title\" tabindex=\"0\">Contenu<\/a>\n\t\t\t\t\t<\/div>\n\n\t\t\t\t\t<div id=\"elementor-tab-content-1611\" class=\"elementor-tab-content elementor-clearfix\" data-tab=\"1\" role=\"region\" aria-labelledby=\"elementor-tab-title-1611\"><p>La motion approuv\u00e9e par la Commission des finances du Conseil des Etats charge le Conseil f\u00e9d\u00e9ral d&#8217;augmenter le budget de l&#8217;arm\u00e9e de 900 millions de francs par an par rapport \u00e0 la planification financi\u00e8re actuelle pour chacune des ann\u00e9es 2029 \u00e0 2032. Pour le financement compensatoire, la motion pr\u00e9voit que le message relatif \u00e0 l&#8217;imp\u00f4t minimum de l&#8217;OCDE soit soumis aux Chambres f\u00e9d\u00e9rales en 2025 d\u00e9j\u00e0, soit plus t\u00f4t que ne le pr\u00e9voit la Constitution (art. 197, ch. 15, al. 8). Il s&#8217;agit d&#8217;adapter la cl\u00e9 de r\u00e9partition des recettes de l&#8217;imp\u00f4t compl\u00e9mentaire entre la Conf\u00e9d\u00e9ration et les cantons conform\u00e9ment \u00e0 l&#8217;art. 197, ch. 15, al. 6, Cst. et d&#8217;attribuer une part de 50 % \u00e0 la Conf\u00e9d\u00e9ration. Les recettes suppl\u00e9mentaires qui en r\u00e9sulteraient pour la Conf\u00e9d\u00e9ration seraient affect\u00e9es pour moiti\u00e9 \u00e0 l&#8217;augmentation du budget de l&#8217;arm\u00e9e.<\/p><\/div>\n\t\t\t\t<\/div>\n\t\t\t\t\t\t\t<div class=\"elementor-toggle-item\">\n\t\t\t\t\t<div id=\"elementor-tab-title-1612\" class=\"elementor-tab-title\" data-tab=\"2\" role=\"button\" aria-controls=\"elementor-tab-content-1612\" aria-expanded=\"false\">\n\t\t\t\t\t\t\t\t\t\t\t\t<span class=\"elementor-toggle-icon elementor-toggle-icon-left\" aria-hidden=\"true\">\n\t\t\t\t\t\t\t\t\t\t\t\t\t\t\t<span class=\"elementor-toggle-icon-closed\"><i class=\"fas fa-caret-right\"><\/i><\/span>\n\t\t\t\t\t\t\t\t<span class=\"elementor-toggle-icon-opened\"><i class=\"elementor-toggle-icon-opened fas fa-caret-up\"><\/i><\/span>\n\t\t\t\t\t\t\t\t\t\t\t\t\t<\/span>\n\t\t\t\t\t\t\t\t\t\t\t\t<a class=\"elementor-toggle-title\" tabindex=\"0\">\u00c9tat actuel<\/a>\n\t\t\t\t\t<\/div>\n\n\t\t\t\t\t<div id=\"elementor-tab-content-1612\" class=\"elementor-tab-content elementor-clearfix\" data-tab=\"2\" role=\"region\" aria-labelledby=\"elementor-tab-title-1612\"><p>19.11.2024: La CdF d\u00e9pose une motion<\/p><\/div>\n\t\t\t\t<\/div>\n\t\t\t\t\t\t\t<div class=\"elementor-toggle-item\">\n\t\t\t\t\t<div id=\"elementor-tab-title-1613\" class=\"elementor-tab-title\" data-tab=\"3\" role=\"button\" aria-controls=\"elementor-tab-content-1613\" aria-expanded=\"false\">\n\t\t\t\t\t\t\t\t\t\t\t\t<span class=\"elementor-toggle-icon elementor-toggle-icon-left\" aria-hidden=\"true\">\n\t\t\t\t\t\t\t\t\t\t\t\t\t\t\t<span class=\"elementor-toggle-icon-closed\"><i class=\"fas fa-caret-right\"><\/i><\/span>\n\t\t\t\t\t\t\t\t<span class=\"elementor-toggle-icon-opened\"><i class=\"elementor-toggle-icon-opened fas fa-caret-up\"><\/i><\/span>\n\t\t\t\t\t\t\t\t\t\t\t\t\t<\/span>\n\t\t\t\t\t\t\t\t\t\t\t\t<a class=\"elementor-toggle-title\" tabindex=\"0\">Position<\/a>\n\t\t\t\t\t<\/div>\n\n\t\t\t\t\t<div id=\"elementor-tab-content-1613\" class=\"elementor-tab-content elementor-clearfix\" data-tab=\"3\" role=\"region\" aria-labelledby=\"elementor-tab-title-1613\"><p>l convient de noter au pr\u00e9alable que SwissHoldings ne peut pas se prononcer sur la question de l&#8217;augmentation du budget de l&#8217;arm\u00e9e, car notre association \u00e9conomique ne traite pas des questions de s\u00e9curit\u00e9 militaire. Notre position se limite donc ci-apr\u00e8s au financement des d\u00e9penses suppl\u00e9mentaires de l&#8217;arm\u00e9e pr\u00e9vu par la motion.<\/p><p>SwissHoldings s&#8217;oppose clairement \u00e0 l&#8217;adaptation de la cl\u00e9 de r\u00e9partition ainsi qu&#8217;\u00e0 la publication anticip\u00e9e du message. La motion entra\u00eenerait une baisse des recettes pour la Conf\u00e9d\u00e9ration, affaiblirait l&#8217;attractivit\u00e9 de la place \u00e9conomique suisse et r\u00e9duirait la flexibilit\u00e9 de la Suisse, un \u00e9l\u00e9ment important dans ce projet tr\u00e8s dynamique.<\/p><p><strong>\u00a0<\/strong><\/p><ol><li><strong> Le projet de l&#8217;OCDE sera confront\u00e9 \u00e0 des changements consid\u00e9rables dans les mois \u00e0 venir. La Suisse doit pouvoir y r\u00e9agir avec souplesse.<\/strong><\/li><\/ol><p>L&#8217;imposition minimale de l&#8217;OCDE est confront\u00e9e \u00e0 des d\u00e9fis majeurs depuis l&#8217;entr\u00e9e en fonction du pr\u00e9sident am\u00e9ricain Trump. Le nouveau pr\u00e9sident a annonc\u00e9 que les \u00c9tats-Unis se retireraient du projet et prendraient des contre-mesures telles que des droits de douane contre les \u00c9tats qui imposent des taxes discriminatoires et extraterritoriales contre les \u00c9tats-Unis. Le pr\u00e9sident Trump a \u00e9galement annonc\u00e9 que les \u00c9tats-Unis avaient pour objectif de r\u00e9duire leur taux f\u00e9d\u00e9ral d&#8217;imposition des b\u00e9n\u00e9fices \u00e0 15 %. Si le Congr\u00e8s am\u00e9ricain approuve en tout ou en partie la baisse annonc\u00e9e de l&#8217;imp\u00f4t sur les b\u00e9n\u00e9fices, la concurrence fiscale mondiale pourrait reprendre de plus belle. Dans ces circonstances, des \u00c9tats comme l&#8217;Inde, la Chine et bien d&#8217;autres pays ne devraient toujours pas introduire l&#8217;imp\u00f4t minimum. Nous nous attendons donc \u00e0 ce que le projet de l&#8217;OCDE subisse des changements consid\u00e9rables en 2025. Il peut s&#8217;agir d&#8217;une implosion de l&#8217;imp\u00f4t minimum ou d&#8217;ajustements de fond plus importants qui limiteraient consid\u00e9rablement l&#8217;effet de l&#8217;imp\u00f4t minimum (y compris les cons\u00e9quences financi\u00e8res qui y sont associ\u00e9es). (Vous trouverez de plus amples informations <a href=\"https:\/\/swissholdings.ch\/oecd-mindeststeuer\/\">ici.<\/a>) Dans ce contexte, nous pensons qu&#8217;il n&#8217;est pas appropri\u00e9 d&#8217;exiger du Conseil f\u00e9d\u00e9ral qu&#8217;il m\u00e8ne une consultation et pr\u00e9sente un message sur la mise en \u0153uvre de l&#8217;imp\u00f4t minimum en 2025. La r\u00e9glementation actuelle, qui laisse une grande marge de man\u0153uvre au Conseil f\u00e9d\u00e9ral, ne doit en aucun cas \u00eatre restreinte. Elles permettent \u00e0 notre gouvernement de d\u00e9fendre au mieux les int\u00e9r\u00eats de la Suisse dans une situation dynamique. De nombreux \u00c9tats envient la Suisse pour cette flexibilit\u00e9. Les \u00c9tats membres de l&#8217;UE, par exemple, mettent en \u0153uvre la taxe minimale par le biais d&#8217;une directive europ\u00e9enne qui ne peut \u00eatre adapt\u00e9e ou abrog\u00e9e qu&#8217;\u00e0 l&#8217;unanimit\u00e9.<\/p><p>\u00a0<\/p><ol start=\"2\"><li><strong> Une augmentation de la part de la Conf\u00e9d\u00e9ration dans l&#8217;imp\u00f4t compl\u00e9mentaire devrait entra\u00eener une baisse des recettes.<\/strong><\/li><\/ol><p>SwissHoldings est \u00e9galement critique \u00e0 l&#8217;\u00e9gard de l&#8217;ajustement de la cl\u00e9 de r\u00e9partition pr\u00e9vu par la motion. Compte tenu du r\u00e9gime financier de la Constitution f\u00e9d\u00e9rale, l&#8217;ensemble des recettes de l&#8217;imp\u00f4t compl\u00e9mentaire reviendrait aux cantons. La cl\u00e9 de r\u00e9partition cantons-Conf\u00e9d\u00e9ration de 75\/25 % \u00e9tait une solution de bonne volont\u00e9 des cantons. Si la Conf\u00e9d\u00e9ration d\u00e9cide de son propre chef d&#8217;adapter la cl\u00e9 de r\u00e9partition en sa faveur, elle ne respecte pas la bonne volont\u00e9 des cantons. Les cantons ne devraient pas se laisser faire. Les cantons et les communes disposent d&#8217;une autonomie tarifaire en mati\u00e8re d&#8217;imposition des entreprises (art. 129, al. 2, Cst.). Cela permet aux cantons de relever les taux ordinaires d&#8217;imposition des b\u00e9n\u00e9fices (y compris la part f\u00e9d\u00e9rale de 8,5 %) \u00e0 15 % ou plus. Il n&#8217;y a alors plus d&#8217;imp\u00f4t compl\u00e9mentaire et la Conf\u00e9d\u00e9ration n&#8217;y gagne rien.<\/p><p><strong>\u00a0<\/strong><\/p><ol start=\"3\"><li><strong> L&#8217;augmentation des taux d&#8217;imposition cantonaux des b\u00e9n\u00e9fices d\u00e9clench\u00e9e par la motion nuit \u00e0 l&#8217;attractivit\u00e9 de la place \u00e9conomique. Cela p\u00e8se surtout sur les finances f\u00e9d\u00e9rales.<\/strong><\/li><\/ol><p>Le plus grand b\u00e9n\u00e9ficiaire financier des cantons fiscalement attractifs est la Conf\u00e9d\u00e9ration. La plupart de nos entreprises ne doivent pas payer d&#8217;imp\u00f4t compl\u00e9mentaire, m\u00eame avec un taux d&#8217;imposition statutaire des b\u00e9n\u00e9fices de 12 % par exemple (8,5 % pour la Conf\u00e9d\u00e9ration plus 3,5 % pour le canton), en raison de la diff\u00e9rence de base de calcul de l&#8217;imposition minimale de l&#8217;OCDE. Si les cantons augmentent maintenant leurs taux d&#8217;imposition des b\u00e9n\u00e9fices \u00e0 un total de 15 % afin de ne plus avoir \u00e0 payer d&#8217;imp\u00f4ts suppl\u00e9mentaires \u00e0 l&#8217;\u00c9tat f\u00e9d\u00e9ral, les entreprises concern\u00e9es se verront confront\u00e9es \u00e0 une augmentation en r\u00e9alit\u00e9 inutile de l&#8217;imp\u00f4t sur les b\u00e9n\u00e9fices. Cela nuit \u00e0 l&#8217;attractivit\u00e9 du canton en tant que lieu d&#8217;implantation. L&#8217;\u00c9tat f\u00e9d\u00e9ral se coupe ainsi l&#8217;herbe sous le pied, lui qui profite \u00e9norm\u00e9ment des cantons attractifs. Ainsi, les imp\u00f4ts vers\u00e9s par les entreprises \u00e0 la Conf\u00e9d\u00e9ration ont encore augment\u00e9 massivement en 2024 (+1 milliard d&#8217;imp\u00f4t sur les b\u00e9n\u00e9fices ; +470 millions d&#8217;imp\u00f4t anticip\u00e9 provenant principalement des dividendes des groupes suisses ; +220 millions de droits de timbre, c&#8217;est-\u00e0-dire de la taxe suisse sur les transactions financi\u00e8res). Si la Conf\u00e9d\u00e9ration veut des recettes encore plus \u00e9lev\u00e9es \u00e0 l&#8217;avenir, elle devrait continuer \u00e0 am\u00e9liorer l&#8217;attractivit\u00e9 fiscale.<\/p><\/div>\n\t\t\t\t<\/div>\n\t\t\t\t\t\t\t<div class=\"elementor-toggle-item\">\n\t\t\t\t\t<div id=\"elementor-tab-title-1614\" class=\"elementor-tab-title\" data-tab=\"4\" role=\"button\" aria-controls=\"elementor-tab-content-1614\" aria-expanded=\"false\">\n\t\t\t\t\t\t\t\t\t\t\t\t<span class=\"elementor-toggle-icon elementor-toggle-icon-left\" aria-hidden=\"true\">\n\t\t\t\t\t\t\t\t\t\t\t\t\t\t\t<span class=\"elementor-toggle-icon-closed\"><i class=\"fas fa-caret-right\"><\/i><\/span>\n\t\t\t\t\t\t\t\t<span class=\"elementor-toggle-icon-opened\"><i class=\"elementor-toggle-icon-opened fas fa-caret-up\"><\/i><\/span>\n\t\t\t\t\t\t\t\t\t\t\t\t\t<\/span>\n\t\t\t\t\t\t\t\t\t\t\t\t<a class=\"elementor-toggle-title\" tabindex=\"0\">Contact<\/a>\n\t\t\t\t\t<\/div>\n\n\t\t\t\t\t<div id=\"elementor-tab-content-1614\" class=\"elementor-tab-content elementor-clearfix\" data-tab=\"4\" role=\"region\" aria-labelledby=\"elementor-tab-title-1614\"><p><strong>Martin Hess \u00a0\u00a0<\/strong>Responsable du d\u00e9partement fiscalit\u00e9 &amp; Membre du Comit\u00e9 Ex\u00e9cutif<br \/><span style=\"color: #000000\">\u2709\u00a0 \u00a0<a href=\"mailto:martin.hess@swissholdings.ch\">martin.hess@swissholdings.ch<\/a><br \/>\u260e\u00a0 \u00a0+41 (0)78 805 04 95<\/span><\/p><\/div>\n\t\t\t\t<\/div>\n\t\t\t\t\t\t\t\t<\/div>\n\t\t\t\t\t\t<\/div>\n\t\t\t\t<\/div>\n\t\t\t\t<div class=\"elementor-element elementor-element-7f452ca elementor-widget-divider--view-line elementor-widget elementor-widget-divider\" data-id=\"7f452ca\" data-element_type=\"widget\" data-widget_type=\"divider.default\">\n\t\t\t\t<div class=\"elementor-widget-container\">\n\t\t\t\t\t\t\t<div class=\"elementor-divider\">\n\t\t\t<span class=\"elementor-divider-separator\">\n\t\t\t\t\t\t<\/span>\n\t\t<\/div>\n\t\t\t\t\t\t<\/div>\n\t\t\t\t<\/div>\n\t\t\t\t<div class=\"elementor-element elementor-element-92c396e elementor-widget elementor-widget-text-editor\" data-id=\"92c396e\" data-element_type=\"widget\" data-widget_type=\"text-editor.default\">\n\t\t\t\t<div class=\"elementor-widget-container\">\n\t\t\t\t\t\t\t\t\t<h5><a href=\"https:\/\/www.parlament.ch\/fr\/ratsbetrieb\/suche-curia-vista\/geschaeft?AffairId=20233224\">23.3224<\/a> R\u00e9forme institutionnelle de la Commission de la concurrence<\/h5><p><span lang=\"EN-GB\"><strong>Recommandation<\/strong><\/span><\/p><p><span lang=\"EN-GB\">SwissHoldings soutient l&#8217;analyse critique et l&#8217;examen approfondi de la r\u00e9forme institutionnelle et demande une s\u00e9paration claire entre l&#8217;autorit\u00e9 d&#8217;enqu\u00eate et l&#8217;autorit\u00e9 de d\u00e9cision et soutient donc la motion.<\/span><\/p><p><span lang=\"EN-GB\">\u00c0 l&#8217;ordre du jour le <strong>19 mars 2025<\/strong><\/span><\/p>\t\t\t\t\t\t\t\t<\/div>\n\t\t\t\t<\/div>\n\t\t\t\t<div class=\"elementor-element elementor-element-b5c526b elementor-widget elementor-widget-toggle\" data-id=\"b5c526b\" data-element_type=\"widget\" data-widget_type=\"toggle.default\">\n\t\t\t\t<div class=\"elementor-widget-container\">\n\t\t\t\t\t\t\t<div class=\"elementor-toggle\">\n\t\t\t\t\t\t\t<div class=\"elementor-toggle-item\">\n\t\t\t\t\t<div id=\"elementor-tab-title-1901\" class=\"elementor-tab-title\" data-tab=\"1\" role=\"button\" aria-controls=\"elementor-tab-content-1901\" aria-expanded=\"false\">\n\t\t\t\t\t\t\t\t\t\t\t\t<span class=\"elementor-toggle-icon elementor-toggle-icon-left\" aria-hidden=\"true\">\n\t\t\t\t\t\t\t\t\t\t\t\t\t\t\t<span class=\"elementor-toggle-icon-closed\"><i class=\"fas fa-caret-right\"><\/i><\/span>\n\t\t\t\t\t\t\t\t<span class=\"elementor-toggle-icon-opened\"><i class=\"elementor-toggle-icon-opened fas fa-caret-up\"><\/i><\/span>\n\t\t\t\t\t\t\t\t\t\t\t\t\t<\/span>\n\t\t\t\t\t\t\t\t\t\t\t\t<a class=\"elementor-toggle-title\" tabindex=\"0\">Contenu<\/a>\n\t\t\t\t\t<\/div>\n\n\t\t\t\t\t<div id=\"elementor-tab-content-1901\" class=\"elementor-tab-content elementor-clearfix\" data-tab=\"1\" role=\"region\" aria-labelledby=\"elementor-tab-title-1901\"><p>Le fonctionnement de la Commission de la concurrence (COMCO) fait l&#8217;objet de critiques, notamment en ce qui concerne la communication, le non-respect de la pr\u00e9somption d&#8217;innocence, la dur\u00e9e des proc\u00e9dures et la disponibilit\u00e9. Une r\u00e9forme institutionnelle est demand\u00e9e afin de revoir la structure, les pouvoirs et les moyens de la Commission. Une s\u00e9paration fonctionnelle entre l&#8217;accusateur et le juge doit \u00eatre garantie. Une pr\u00e9c\u00e9dente modification de la loi visant \u00e0 r\u00e9former les autorit\u00e9s de la concurrence a \u00e9t\u00e9 rejet\u00e9e, mais le Conseil f\u00e9d\u00e9ral pr\u00e9voit maintenant de la r\u00e9examiner. La cr\u00e9ation d&#8217;un tribunal ind\u00e9pendant pour les sanctions antitrust est en discussion afin de renforcer l&#8217;\u00c9tat de droit.<\/p><\/div>\n\t\t\t\t<\/div>\n\t\t\t\t\t\t\t<div class=\"elementor-toggle-item\">\n\t\t\t\t\t<div id=\"elementor-tab-title-1902\" class=\"elementor-tab-title\" data-tab=\"2\" role=\"button\" aria-controls=\"elementor-tab-content-1902\" aria-expanded=\"false\">\n\t\t\t\t\t\t\t\t\t\t\t\t<span class=\"elementor-toggle-icon elementor-toggle-icon-left\" aria-hidden=\"true\">\n\t\t\t\t\t\t\t\t\t\t\t\t\t\t\t<span class=\"elementor-toggle-icon-closed\"><i class=\"fas fa-caret-right\"><\/i><\/span>\n\t\t\t\t\t\t\t\t<span class=\"elementor-toggle-icon-opened\"><i class=\"elementor-toggle-icon-opened fas fa-caret-up\"><\/i><\/span>\n\t\t\t\t\t\t\t\t\t\t\t\t\t<\/span>\n\t\t\t\t\t\t\t\t\t\t\t\t<a class=\"elementor-toggle-title\" tabindex=\"0\">\u00c9tat actuel<\/a>\n\t\t\t\t\t<\/div>\n\n\t\t\t\t\t<div id=\"elementor-tab-content-1902\" class=\"elementor-tab-content elementor-clearfix\" data-tab=\"2\" role=\"region\" aria-labelledby=\"elementor-tab-title-1902\"><p>Le 15 mars 2024, le Conseil f\u00e9d\u00e9ral a d\u00e9cid\u00e9 que le DEFR devait \u00e9laborer un projet de r\u00e9forme d&#8217;ici mi-2025. Cette d\u00e9cision a \u00e9t\u00e9 prise sur la base du rapport final pr\u00e9sid\u00e9 par l&#8217;ancien juge f\u00e9d\u00e9ral Hansj\u00f6rg Seiler, qui constate que la COMCO fonctionne en principe bien et ne pr\u00e9sente pas de lacunes au niveau de l&#8217;Etat de droit. La s\u00e9paration doit maintenant \u00eatre am\u00e9nag\u00e9e de mani\u00e8re plus efficace, notamment en pr\u00e9voyant que le secr\u00e9tariat m\u00e8ne les enqu\u00eates de mani\u00e8re cons\u00e9quente sans impliquer la COMCO, cette derni\u00e8re restant une autorit\u00e9 de milice. En outre, la possibilit\u00e9 de d\u00e9charger la COMCO par une personne charg\u00e9e de la proc\u00e9dure sera examin\u00e9e. Enfin, le Conseil f\u00e9d\u00e9ral souhaite \u00e9galement renforcer la proc\u00e9dure de recours du Tribunal administratif f\u00e9d\u00e9ral par la mise en place de juges sp\u00e9cialis\u00e9s \u00e0 temps partiel. Dans l&#8217;ensemble, le Conseil f\u00e9d\u00e9ral suit ainsi les recommandations de la commission d&#8217;experts. La motion Wicki (Fran\u00e7ais) <a href=\"https:\/\/www.parlament.ch\/fr\/ratsbetrieb\/suche-curia-vista\/geschaeft?AffairId=20233224\">23.3224<\/a>, qui vise \u00e0 garantir une s\u00e9paration fonctionnelle entre le procureur et le juge, n&#8217;a pas \u00e9t\u00e9 trait\u00e9e le 19 d\u00e9cembre 2024, mais sera d\u00e9sormais probablement d\u00e9battue au Conseil des Etats le 19 mars 2025.<\/p><\/div>\n\t\t\t\t<\/div>\n\t\t\t\t\t\t\t<div class=\"elementor-toggle-item\">\n\t\t\t\t\t<div id=\"elementor-tab-title-1903\" class=\"elementor-tab-title\" data-tab=\"3\" role=\"button\" aria-controls=\"elementor-tab-content-1903\" aria-expanded=\"false\">\n\t\t\t\t\t\t\t\t\t\t\t\t<span class=\"elementor-toggle-icon elementor-toggle-icon-left\" aria-hidden=\"true\">\n\t\t\t\t\t\t\t\t\t\t\t\t\t\t\t<span class=\"elementor-toggle-icon-closed\"><i class=\"fas fa-caret-right\"><\/i><\/span>\n\t\t\t\t\t\t\t\t<span class=\"elementor-toggle-icon-opened\"><i class=\"elementor-toggle-icon-opened fas fa-caret-up\"><\/i><\/span>\n\t\t\t\t\t\t\t\t\t\t\t\t\t<\/span>\n\t\t\t\t\t\t\t\t\t\t\t\t<a class=\"elementor-toggle-title\" tabindex=\"0\">Position<\/a>\n\t\t\t\t\t<\/div>\n\n\t\t\t\t\t<div id=\"elementor-tab-content-1903\" class=\"elementor-tab-content elementor-clearfix\" data-tab=\"3\" role=\"region\" aria-labelledby=\"elementor-tab-title-1903\"><p>SwissHoldings salue le fait que la r\u00e9forme des institutions, r\u00e9clam\u00e9e \u00e0 maintes reprises, soit d\u00e9sormais engag\u00e9e parall\u00e8lement aux travaux de r\u00e9vision en cours de la loi sur les cartels. Les modifications envisag\u00e9es montrent un engagement clair en faveur de la modernisation et du renforcement des structures institutionnelles existantes dans le domaine du droit des cartels. Il faudra toutefois v\u00e9rifier si les modifications propos\u00e9es, notamment l&#8217;absence de changement de syst\u00e8me, sont pertinentes. SwissHoldings se positionnera en cons\u00e9quence lors de la consultation et s&#8217;engage pour une s\u00e9paration entre l&#8217;autorit\u00e9 d&#8217;enqu\u00eate et l&#8217;autorit\u00e9 de d\u00e9cision. Une prise de position correspondante sera publi\u00e9e prochainement.<\/p><\/div>\n\t\t\t\t<\/div>\n\t\t\t\t\t\t\t<div class=\"elementor-toggle-item\">\n\t\t\t\t\t<div id=\"elementor-tab-title-1904\" class=\"elementor-tab-title\" data-tab=\"4\" role=\"button\" aria-controls=\"elementor-tab-content-1904\" aria-expanded=\"false\">\n\t\t\t\t\t\t\t\t\t\t\t\t<span class=\"elementor-toggle-icon elementor-toggle-icon-left\" aria-hidden=\"true\">\n\t\t\t\t\t\t\t\t\t\t\t\t\t\t\t<span class=\"elementor-toggle-icon-closed\"><i class=\"fas fa-caret-right\"><\/i><\/span>\n\t\t\t\t\t\t\t\t<span class=\"elementor-toggle-icon-opened\"><i class=\"elementor-toggle-icon-opened fas fa-caret-up\"><\/i><\/span>\n\t\t\t\t\t\t\t\t\t\t\t\t\t<\/span>\n\t\t\t\t\t\t\t\t\t\t\t\t<a class=\"elementor-toggle-title\" tabindex=\"0\">Contact<\/a>\n\t\t\t\t\t<\/div>\n\n\t\t\t\t\t<div id=\"elementor-tab-content-1904\" class=\"elementor-tab-content elementor-clearfix\" data-tab=\"4\" role=\"region\" aria-labelledby=\"elementor-tab-title-1904\"><p><strong style=\"color: #000000\">Felix K\u00fcng<\/strong><span style=\"color: #000000\">\u00a0 Responsable Juridique<\/span><br \/><span style=\"color: #000000\">\u2709\u00a0 \u00a0<\/span><a href=\"mailto:felix.k\u00fcng@swissholdings.ch\" target=\"_blank\" rel=\"noopener\">felix.kueng@swissholdings.ch<\/a><br \/><span style=\"color: #000000\">\u260e\u00a0 \u00a0+41 (0)31 356 68 64<\/span><\/p><\/div>\n\t\t\t\t<\/div>\n\t\t\t\t\t\t\t\t<\/div>\n\t\t\t\t\t\t<\/div>\n\t\t\t\t<\/div>\n\t\t\t\t<div class=\"elementor-element elementor-element-beacd13 elementor-widget-divider--view-line elementor-widget elementor-widget-divider\" data-id=\"beacd13\" data-element_type=\"widget\" data-widget_type=\"divider.default\">\n\t\t\t\t<div class=\"elementor-widget-container\">\n\t\t\t\t\t\t\t<div class=\"elementor-divider\">\n\t\t\t<span class=\"elementor-divider-separator\">\n\t\t\t\t\t\t<\/span>\n\t\t<\/div>\n\t\t\t\t\t\t<\/div>\n\t\t\t\t<\/div>\n\t\t\t\t<div class=\"elementor-element elementor-element-6dc776c elementor-widget elementor-widget-text-editor\" data-id=\"6dc776c\" data-element_type=\"widget\" data-widget_type=\"text-editor.default\">\n\t\t\t\t<div class=\"elementor-widget-container\">\n\t\t\t\t\t\t\t\t\t<h5><a href=\"https:\/\/www.parlament.ch\/fr\/ratsbetrieb\/suche-curia-vista\/geschaeft?AffairId=20224404\">22.4404<\/a> Acc\u00e9l\u00e9rer les proc\u00e9dures pour accro\u00eetre la s\u00e9curit\u00e9 juridique<\/h5><p><span lang=\"EN-GB\"><strong>Recommandation<\/strong><\/span><\/p><p><span lang=\"EN-GB\">SwissHoldings s&#8217;engage pour un examen approfondi des mesures possibles pour acc\u00e9l\u00e9rer les proc\u00e9dures de concurrence en tenant compte des garanties de proc\u00e9dure garanties par la CEDH et soutient donc dans les grandes lignes la motion.<\/span><\/p><p><span lang=\"EN-GB\">\u00c0 l&#8217;ordre du jour le <strong>19 mars 2025<\/strong><\/span><\/p>\t\t\t\t\t\t\t\t<\/div>\n\t\t\t\t<\/div>\n\t\t\t\t<div class=\"elementor-element elementor-element-8fe042b elementor-widget elementor-widget-toggle\" data-id=\"8fe042b\" data-element_type=\"widget\" data-widget_type=\"toggle.default\">\n\t\t\t\t<div class=\"elementor-widget-container\">\n\t\t\t\t\t\t\t<div class=\"elementor-toggle\">\n\t\t\t\t\t\t\t<div class=\"elementor-toggle-item\">\n\t\t\t\t\t<div id=\"elementor-tab-title-1501\" class=\"elementor-tab-title\" data-tab=\"1\" role=\"button\" aria-controls=\"elementor-tab-content-1501\" aria-expanded=\"false\">\n\t\t\t\t\t\t\t\t\t\t\t\t<span class=\"elementor-toggle-icon elementor-toggle-icon-left\" aria-hidden=\"true\">\n\t\t\t\t\t\t\t\t\t\t\t\t\t\t\t<span class=\"elementor-toggle-icon-closed\"><i class=\"fas fa-caret-right\"><\/i><\/span>\n\t\t\t\t\t\t\t\t<span class=\"elementor-toggle-icon-opened\"><i class=\"elementor-toggle-icon-opened fas fa-caret-up\"><\/i><\/span>\n\t\t\t\t\t\t\t\t\t\t\t\t\t<\/span>\n\t\t\t\t\t\t\t\t\t\t\t\t<a class=\"elementor-toggle-title\" tabindex=\"0\">Contenu<\/a>\n\t\t\t\t\t<\/div>\n\n\t\t\t\t\t<div id=\"elementor-tab-content-1501\" class=\"elementor-tab-content elementor-clearfix\" data-tab=\"1\" role=\"region\" aria-labelledby=\"elementor-tab-title-1501\"><p>Par cette motion, le Conseil f\u00e9d\u00e9ral est charg\u00e9 d&#8217;adapter les bases l\u00e9gales de mani\u00e8re \u00e0 ce que les enqu\u00eates dans les proc\u00e9dures en mati\u00e8re de cartels durent au maximum un an. Cela signifie que la phase de d\u00e9cision de la Commission de la concurrence doit d\u00e9buter au plus tard un an apr\u00e8s la date d&#8217;ouverture de l&#8217;enqu\u00eate par le secr\u00e9tariat. Sur demande du secr\u00e9tariat, la dur\u00e9e peut \u00eatre prolong\u00e9e d&#8217;une ann\u00e9e suppl\u00e9mentaire au maximum par la Commission.<\/p><\/div>\n\t\t\t\t<\/div>\n\t\t\t\t\t\t\t<div class=\"elementor-toggle-item\">\n\t\t\t\t\t<div id=\"elementor-tab-title-1502\" class=\"elementor-tab-title\" data-tab=\"2\" role=\"button\" aria-controls=\"elementor-tab-content-1502\" aria-expanded=\"false\">\n\t\t\t\t\t\t\t\t\t\t\t\t<span class=\"elementor-toggle-icon elementor-toggle-icon-left\" aria-hidden=\"true\">\n\t\t\t\t\t\t\t\t\t\t\t\t\t\t\t<span class=\"elementor-toggle-icon-closed\"><i class=\"fas fa-caret-right\"><\/i><\/span>\n\t\t\t\t\t\t\t\t<span class=\"elementor-toggle-icon-opened\"><i class=\"elementor-toggle-icon-opened fas fa-caret-up\"><\/i><\/span>\n\t\t\t\t\t\t\t\t\t\t\t\t\t<\/span>\n\t\t\t\t\t\t\t\t\t\t\t\t<a class=\"elementor-toggle-title\" tabindex=\"0\">\u00c9tat actuel<\/a>\n\t\t\t\t\t<\/div>\n\n\t\t\t\t\t<div id=\"elementor-tab-content-1502\" class=\"elementor-tab-content elementor-clearfix\" data-tab=\"2\" role=\"region\" aria-labelledby=\"elementor-tab-title-1502\"><p>Le Conseil des \u00c9tats devrait se pencher sur la motion le 19 mars 2025.<\/p><\/div>\n\t\t\t\t<\/div>\n\t\t\t\t\t\t\t<div class=\"elementor-toggle-item\">\n\t\t\t\t\t<div id=\"elementor-tab-title-1503\" class=\"elementor-tab-title\" data-tab=\"3\" role=\"button\" aria-controls=\"elementor-tab-content-1503\" aria-expanded=\"false\">\n\t\t\t\t\t\t\t\t\t\t\t\t<span class=\"elementor-toggle-icon elementor-toggle-icon-left\" aria-hidden=\"true\">\n\t\t\t\t\t\t\t\t\t\t\t\t\t\t\t<span class=\"elementor-toggle-icon-closed\"><i class=\"fas fa-caret-right\"><\/i><\/span>\n\t\t\t\t\t\t\t\t<span class=\"elementor-toggle-icon-opened\"><i class=\"elementor-toggle-icon-opened fas fa-caret-up\"><\/i><\/span>\n\t\t\t\t\t\t\t\t\t\t\t\t\t<\/span>\n\t\t\t\t\t\t\t\t\t\t\t\t<a class=\"elementor-toggle-title\" tabindex=\"0\">Position<\/a>\n\t\t\t\t\t<\/div>\n\n\t\t\t\t\t<div id=\"elementor-tab-content-1503\" class=\"elementor-tab-content elementor-clearfix\" data-tab=\"3\" role=\"region\" aria-labelledby=\"elementor-tab-title-1503\"><p>SwissHoldings est d&#8217;avis qu&#8217;il faut tenir compte de la complexit\u00e9 de la mati\u00e8re, de l&#8217;ampleur des investigations n\u00e9cessaires sur les faits, des droits des parties, des ressources des autorit\u00e9s de la concurrence et des tribunaux ainsi que de leur ind\u00e9pendance. C&#8217;est pr\u00e9cis\u00e9ment parce que les proc\u00e9dures de sanction de la LCart sont des proc\u00e9dures relevant du champ d&#8217;application des garanties de proc\u00e9dure p\u00e9nale de la Constitution f\u00e9d\u00e9rale et de la CEDH que les droits des parties et les droits proc\u00e9duraux (en particulier : droit d&#8217;\u00eatre entendu) doivent \u00eatre plus fortement marqu\u00e9s. C&#8217;est pourquoi aucun compromis ne doit \u00eatre fait en mati\u00e8re d&#8217;\u00c9tat de droit. SwissHoldings soutient en principe les nouvelles r\u00e9glementations sur les d\u00e9lais qui raccourcissent les proc\u00e9dures des autorit\u00e9s et des tribunaux. Celles-ci doivent cependant aussi offrir la flexibilit\u00e9 n\u00e9cessaire pour r\u00e9pondre de mani\u00e8re ad\u00e9quate aux d\u00e9fis de l&#8217;\u00e9claircissement des faits relevant du droit des cartels. Du point de vue de SwissHoldings, des d\u00e9lais rigides peuvent mettre en danger la qualit\u00e9 des enqu\u00eates et des d\u00e9cisions. Acc\u00e9l\u00e9rer les proc\u00e9dures, oui, mais avec une certaine flexibilit\u00e9.<\/p><\/div>\n\t\t\t\t<\/div>\n\t\t\t\t\t\t\t<div class=\"elementor-toggle-item\">\n\t\t\t\t\t<div id=\"elementor-tab-title-1504\" class=\"elementor-tab-title\" data-tab=\"4\" role=\"button\" aria-controls=\"elementor-tab-content-1504\" aria-expanded=\"false\">\n\t\t\t\t\t\t\t\t\t\t\t\t<span class=\"elementor-toggle-icon elementor-toggle-icon-left\" aria-hidden=\"true\">\n\t\t\t\t\t\t\t\t\t\t\t\t\t\t\t<span class=\"elementor-toggle-icon-closed\"><i class=\"fas fa-caret-right\"><\/i><\/span>\n\t\t\t\t\t\t\t\t<span class=\"elementor-toggle-icon-opened\"><i class=\"elementor-toggle-icon-opened fas fa-caret-up\"><\/i><\/span>\n\t\t\t\t\t\t\t\t\t\t\t\t\t<\/span>\n\t\t\t\t\t\t\t\t\t\t\t\t<a class=\"elementor-toggle-title\" tabindex=\"0\">Contact<\/a>\n\t\t\t\t\t<\/div>\n\n\t\t\t\t\t<div id=\"elementor-tab-content-1504\" class=\"elementor-tab-content elementor-clearfix\" data-tab=\"4\" role=\"region\" aria-labelledby=\"elementor-tab-title-1504\"><p><strong style=\"color: #000000\">Felix K\u00fcng<\/strong><span style=\"color: #000000\">\u00a0 Responsable Juridique<\/span><br \/><span style=\"color: #000000\">\u2709\u00a0 \u00a0<\/span><a href=\"mailto:felix.k\u00fcng@swissholdings.ch\" target=\"_blank\" rel=\"noopener\">felix.kueng@swissholdings.ch<\/a><br \/><span style=\"color: #000000\">\u260e\u00a0 \u00a0+41 (0)31 356 68 64<\/span><\/p><\/div>\n\t\t\t\t<\/div>\n\t\t\t\t\t\t\t\t<\/div>\n\t\t\t\t\t\t<\/div>\n\t\t\t\t<\/div>\n\t\t\t\t\t<\/div>\n\t\t<\/div>\n\t\t\t\t\t<\/div>\n\t\t<\/section>\n\t\t\t\t<\/div>\n\t\t","protected":false},"excerpt":{"rendered":"<p>L\u2019aper\u00e7u de la session de SwissHoldings informe sur les affaires \u00e0 venir de la session de printemps 2025, qui seront trait\u00e9es au Conseil national et au Conseil des Etats. L\u2019aper\u00e7u contient un bref description des affaires, du d\u00e9roulement jusqu\u2019\u00e0 pr\u00e9sent et des positions de notre association. Aper\u00e7u de la Session en format PDF Contenu Conseil &hellip;<\/p>\n","protected":false},"author":1367,"featured_media":100004039,"comment_status":"open","ping_status":"open","sticky":false,"template":"","format":"standard","meta":{"footnotes":""},"categories":[55],"tags":[],"class_list":["post-100003994","post","type-post","status-publish","format-standard","has-post-thumbnail","hentry","category-apercu_session"],"yoast_head":"<!-- This site is optimized with the Yoast SEO plugin v26.5 - https:\/\/yoast.com\/wordpress\/plugins\/seo\/ -->\n<title>L\u2019aper\u00e7u de la session de printemps 2025 - Swissholdings FR<\/title>\n<meta name=\"robots\" content=\"index, follow, max-snippet:-1, max-image-preview:large, max-video-preview:-1\" \/>\n<link rel=\"canonical\" href=\"https:\/\/swissholdings.ch\/fr\/lapercu-de-la-session-de-printemps-2025\/\" \/>\n<meta property=\"og:locale\" content=\"fr_FR\" \/>\n<meta property=\"og:type\" content=\"article\" \/>\n<meta property=\"og:title\" content=\"L\u2019aper\u00e7u de la session de printemps 2025 - Swissholdings FR\" \/>\n<meta property=\"og:description\" content=\"L\u2019aper\u00e7u de la session de SwissHoldings informe sur les affaires \u00e0 venir de la session de printemps 2025, qui seront trait\u00e9es au Conseil national et au Conseil des Etats. L\u2019aper\u00e7u contient un bref description des affaires, du d\u00e9roulement jusqu\u2019\u00e0 pr\u00e9sent et des positions de notre association. Aper\u00e7u de la Session en format PDF Contenu Conseil &hellip;\" \/>\n<meta property=\"og:url\" content=\"https:\/\/swissholdings.ch\/fr\/lapercu-de-la-session-de-printemps-2025\/\" \/>\n<meta property=\"og:site_name\" content=\"Swissholdings FR\" \/>\n<meta property=\"article:published_time\" content=\"2025-02-20T08:20:59+00:00\" \/>\n<meta property=\"article:modified_time\" content=\"2025-02-25T09:56:19+00:00\" \/>\n<meta property=\"og:image\" content=\"https:\/\/swissholdings.ch\/fr\/wp-content\/uploads\/sites\/3\/2025\/02\/03_01_Session-de-printemps.png\" \/>\n\t<meta property=\"og:image:width\" content=\"1600\" \/>\n\t<meta property=\"og:image:height\" content=\"900\" \/>\n\t<meta property=\"og:image:type\" content=\"image\/png\" \/>\n<meta name=\"author\" content=\"Julia Besnier\" \/>\n<meta name=\"twitter:card\" content=\"summary_large_image\" \/>\n<meta name=\"twitter:label1\" content=\"\u00c9crit par\" \/>\n\t<meta name=\"twitter:data1\" content=\"Julia Besnier\" \/>\n\t<meta name=\"twitter:label2\" content=\"Dur\u00e9e de lecture estim\u00e9e\" \/>\n\t<meta name=\"twitter:data2\" content=\"31 minutes\" \/>\n<script type=\"application\/ld+json\" class=\"yoast-schema-graph\">{\"@context\":\"https:\/\/schema.org\",\"@graph\":[{\"@type\":\"WebPage\",\"@id\":\"https:\/\/swissholdings.ch\/fr\/lapercu-de-la-session-de-printemps-2025\/\",\"url\":\"https:\/\/swissholdings.ch\/fr\/lapercu-de-la-session-de-printemps-2025\/\",\"name\":\"L\u2019aper\u00e7u de la session de printemps 2025 - Swissholdings FR\",\"isPartOf\":{\"@id\":\"https:\/\/swissholdings.ch\/fr\/#website\"},\"primaryImageOfPage\":{\"@id\":\"https:\/\/swissholdings.ch\/fr\/lapercu-de-la-session-de-printemps-2025\/#primaryimage\"},\"image\":{\"@id\":\"https:\/\/swissholdings.ch\/fr\/lapercu-de-la-session-de-printemps-2025\/#primaryimage\"},\"thumbnailUrl\":\"https:\/\/swissholdings.ch\/fr\/wp-content\/uploads\/sites\/3\/2025\/02\/03_01_Session-de-printemps.png\",\"datePublished\":\"2025-02-20T08:20:59+00:00\",\"dateModified\":\"2025-02-25T09:56:19+00:00\",\"author\":{\"@id\":\"https:\/\/swissholdings.ch\/fr\/#\/schema\/person\/41758d753f86a6db128118bbb950cfba\"},\"breadcrumb\":{\"@id\":\"https:\/\/swissholdings.ch\/fr\/lapercu-de-la-session-de-printemps-2025\/#breadcrumb\"},\"inLanguage\":\"fr-FR\",\"potentialAction\":[{\"@type\":\"ReadAction\",\"target\":[\"https:\/\/swissholdings.ch\/fr\/lapercu-de-la-session-de-printemps-2025\/\"]}]},{\"@type\":\"ImageObject\",\"inLanguage\":\"fr-FR\",\"@id\":\"https:\/\/swissholdings.ch\/fr\/lapercu-de-la-session-de-printemps-2025\/#primaryimage\",\"url\":\"https:\/\/swissholdings.ch\/fr\/wp-content\/uploads\/sites\/3\/2025\/02\/03_01_Session-de-printemps.png\",\"contentUrl\":\"https:\/\/swissholdings.ch\/fr\/wp-content\/uploads\/sites\/3\/2025\/02\/03_01_Session-de-printemps.png\",\"width\":1600,\"height\":900},{\"@type\":\"BreadcrumbList\",\"@id\":\"https:\/\/swissholdings.ch\/fr\/lapercu-de-la-session-de-printemps-2025\/#breadcrumb\",\"itemListElement\":[{\"@type\":\"ListItem\",\"position\":1,\"name\":\"Accueil\",\"item\":\"https:\/\/swissholdings.ch\/fr\/\"},{\"@type\":\"ListItem\",\"position\":2,\"name\":\"L\u2019aper\u00e7u de la session de printemps 2025\"}]},{\"@type\":\"WebSite\",\"@id\":\"https:\/\/swissholdings.ch\/fr\/#website\",\"url\":\"https:\/\/swissholdings.ch\/fr\/\",\"name\":\"Swissholdings FR\",\"description\":\"Swissholdings\",\"potentialAction\":[{\"@type\":\"SearchAction\",\"target\":{\"@type\":\"EntryPoint\",\"urlTemplate\":\"https:\/\/swissholdings.ch\/fr\/?s={search_term_string}\"},\"query-input\":{\"@type\":\"PropertyValueSpecification\",\"valueRequired\":true,\"valueName\":\"search_term_string\"}}],\"inLanguage\":\"fr-FR\"},{\"@type\":\"Person\",\"@id\":\"https:\/\/swissholdings.ch\/fr\/#\/schema\/person\/41758d753f86a6db128118bbb950cfba\",\"name\":\"Julia Besnier\",\"image\":{\"@type\":\"ImageObject\",\"inLanguage\":\"fr-FR\",\"@id\":\"https:\/\/swissholdings.ch\/fr\/#\/schema\/person\/image\/\",\"url\":\"https:\/\/secure.gravatar.com\/avatar\/f98be1fc01f434f8cf3ce8121831e445?s=96&d=mm&r=g\",\"contentUrl\":\"https:\/\/secure.gravatar.com\/avatar\/f98be1fc01f434f8cf3ce8121831e445?s=96&d=mm&r=g\",\"caption\":\"Julia Besnier\"},\"description\":\"Swissholdings, +41 79 586 59 24, julia.besnier@swissholdings.ch\",\"url\":\"https:\/\/swissholdings.ch\/fr\/author\/juliabesnier\/\"}]}<\/script>\n<!-- \/ Yoast SEO plugin. -->","yoast_head_json":{"title":"L\u2019aper\u00e7u de la session de printemps 2025 - Swissholdings FR","robots":{"index":"index","follow":"follow","max-snippet":"max-snippet:-1","max-image-preview":"max-image-preview:large","max-video-preview":"max-video-preview:-1"},"canonical":"https:\/\/swissholdings.ch\/fr\/lapercu-de-la-session-de-printemps-2025\/","og_locale":"fr_FR","og_type":"article","og_title":"L\u2019aper\u00e7u de la session de printemps 2025 - Swissholdings FR","og_description":"L\u2019aper\u00e7u de la session de SwissHoldings informe sur les affaires \u00e0 venir de la session de printemps 2025, qui seront trait\u00e9es au Conseil national et au Conseil des Etats. L\u2019aper\u00e7u contient un bref description des affaires, du d\u00e9roulement jusqu\u2019\u00e0 pr\u00e9sent et des positions de notre association. Aper\u00e7u de la Session en format PDF Contenu Conseil &hellip;","og_url":"https:\/\/swissholdings.ch\/fr\/lapercu-de-la-session-de-printemps-2025\/","og_site_name":"Swissholdings FR","article_published_time":"2025-02-20T08:20:59+00:00","article_modified_time":"2025-02-25T09:56:19+00:00","og_image":[{"width":1600,"height":900,"url":"https:\/\/swissholdings.ch\/fr\/wp-content\/uploads\/sites\/3\/2025\/02\/03_01_Session-de-printemps.png","type":"image\/png"}],"author":"Julia Besnier","twitter_card":"summary_large_image","twitter_misc":{"\u00c9crit par":"Julia Besnier","Dur\u00e9e de lecture estim\u00e9e":"31 minutes"},"schema":{"@context":"https:\/\/schema.org","@graph":[{"@type":"WebPage","@id":"https:\/\/swissholdings.ch\/fr\/lapercu-de-la-session-de-printemps-2025\/","url":"https:\/\/swissholdings.ch\/fr\/lapercu-de-la-session-de-printemps-2025\/","name":"L\u2019aper\u00e7u de la session de printemps 2025 - Swissholdings FR","isPartOf":{"@id":"https:\/\/swissholdings.ch\/fr\/#website"},"primaryImageOfPage":{"@id":"https:\/\/swissholdings.ch\/fr\/lapercu-de-la-session-de-printemps-2025\/#primaryimage"},"image":{"@id":"https:\/\/swissholdings.ch\/fr\/lapercu-de-la-session-de-printemps-2025\/#primaryimage"},"thumbnailUrl":"https:\/\/swissholdings.ch\/fr\/wp-content\/uploads\/sites\/3\/2025\/02\/03_01_Session-de-printemps.png","datePublished":"2025-02-20T08:20:59+00:00","dateModified":"2025-02-25T09:56:19+00:00","author":{"@id":"https:\/\/swissholdings.ch\/fr\/#\/schema\/person\/41758d753f86a6db128118bbb950cfba"},"breadcrumb":{"@id":"https:\/\/swissholdings.ch\/fr\/lapercu-de-la-session-de-printemps-2025\/#breadcrumb"},"inLanguage":"fr-FR","potentialAction":[{"@type":"ReadAction","target":["https:\/\/swissholdings.ch\/fr\/lapercu-de-la-session-de-printemps-2025\/"]}]},{"@type":"ImageObject","inLanguage":"fr-FR","@id":"https:\/\/swissholdings.ch\/fr\/lapercu-de-la-session-de-printemps-2025\/#primaryimage","url":"https:\/\/swissholdings.ch\/fr\/wp-content\/uploads\/sites\/3\/2025\/02\/03_01_Session-de-printemps.png","contentUrl":"https:\/\/swissholdings.ch\/fr\/wp-content\/uploads\/sites\/3\/2025\/02\/03_01_Session-de-printemps.png","width":1600,"height":900},{"@type":"BreadcrumbList","@id":"https:\/\/swissholdings.ch\/fr\/lapercu-de-la-session-de-printemps-2025\/#breadcrumb","itemListElement":[{"@type":"ListItem","position":1,"name":"Accueil","item":"https:\/\/swissholdings.ch\/fr\/"},{"@type":"ListItem","position":2,"name":"L\u2019aper\u00e7u de la session de printemps 2025"}]},{"@type":"WebSite","@id":"https:\/\/swissholdings.ch\/fr\/#website","url":"https:\/\/swissholdings.ch\/fr\/","name":"Swissholdings FR","description":"Swissholdings","potentialAction":[{"@type":"SearchAction","target":{"@type":"EntryPoint","urlTemplate":"https:\/\/swissholdings.ch\/fr\/?s={search_term_string}"},"query-input":{"@type":"PropertyValueSpecification","valueRequired":true,"valueName":"search_term_string"}}],"inLanguage":"fr-FR"},{"@type":"Person","@id":"https:\/\/swissholdings.ch\/fr\/#\/schema\/person\/41758d753f86a6db128118bbb950cfba","name":"Julia Besnier","image":{"@type":"ImageObject","inLanguage":"fr-FR","@id":"https:\/\/swissholdings.ch\/fr\/#\/schema\/person\/image\/","url":"https:\/\/secure.gravatar.com\/avatar\/f98be1fc01f434f8cf3ce8121831e445?s=96&d=mm&r=g","contentUrl":"https:\/\/secure.gravatar.com\/avatar\/f98be1fc01f434f8cf3ce8121831e445?s=96&d=mm&r=g","caption":"Julia Besnier"},"description":"Swissholdings, +41 79 586 59 24, julia.besnier@swissholdings.ch","url":"https:\/\/swissholdings.ch\/fr\/author\/juliabesnier\/"}]}},"_links":{"self":[{"href":"https:\/\/swissholdings.ch\/fr\/wp-json\/wp\/v2\/posts\/100003994","targetHints":{"allow":["GET"]}}],"collection":[{"href":"https:\/\/swissholdings.ch\/fr\/wp-json\/wp\/v2\/posts"}],"about":[{"href":"https:\/\/swissholdings.ch\/fr\/wp-json\/wp\/v2\/types\/post"}],"author":[{"embeddable":true,"href":"https:\/\/swissholdings.ch\/fr\/wp-json\/wp\/v2\/users\/1367"}],"replies":[{"embeddable":true,"href":"https:\/\/swissholdings.ch\/fr\/wp-json\/wp\/v2\/comments?post=100003994"}],"version-history":[{"count":44,"href":"https:\/\/swissholdings.ch\/fr\/wp-json\/wp\/v2\/posts\/100003994\/revisions"}],"predecessor-version":[{"id":100004043,"href":"https:\/\/swissholdings.ch\/fr\/wp-json\/wp\/v2\/posts\/100003994\/revisions\/100004043"}],"wp:featuredmedia":[{"embeddable":true,"href":"https:\/\/swissholdings.ch\/fr\/wp-json\/wp\/v2\/media\/100004039"}],"wp:attachment":[{"href":"https:\/\/swissholdings.ch\/fr\/wp-json\/wp\/v2\/media?parent=100003994"}],"wp:term":[{"taxonomy":"category","embeddable":true,"href":"https:\/\/swissholdings.ch\/fr\/wp-json\/wp\/v2\/categories?post=100003994"},{"taxonomy":"post_tag","embeddable":true,"href":"https:\/\/swissholdings.ch\/fr\/wp-json\/wp\/v2\/tags?post=100003994"}],"curies":[{"name":"wp","href":"https:\/\/api.w.org\/{rel}","templated":true}]}}