{"id":100003625,"date":"2022-01-25T08:18:00","date_gmt":"2022-01-25T07:18:00","guid":{"rendered":"https:\/\/swissholdings.ch\/fr\/2022-steuerpolitische-weichen-richtig-stellen\/"},"modified":"2022-01-25T08:18:00","modified_gmt":"2022-01-25T07:18:00","slug":"2022-steuerpolitische-weichen-richtig-stellen","status":"publish","type":"post","link":"https:\/\/swissholdings.ch\/fr\/2022-steuerpolitische-weichen-richtig-stellen\/","title":{"rendered":"2022: Steuerpolitische Weichen richtig stellen"},"content":{"rendered":"<p><strong>In diesem Jahr besch\u00e4ftigen uns gleich mehrere schwergewichtige Steuervorlagen. Am 13. Februar beschliessen Volk und St\u00e4nde \u00fcber die Abschaffung der Emissionsabgabe auf Eigenkapital. Auch die f\u00fcr unsere Unternehmen essenzielle Verrechnungssteuerreform wird voraussichtlich in diesem Jahr an der Urne entschieden. Schliesslich kommen auch richtungsweisende Entscheide zum OECD-Digitalbesteuerungsprojekt auf uns zu. <\/strong><\/p>\n<p>Im Juni 2021 stimmten die eidgen\u00f6ssischen R\u00e4te der Abschaffung der volkswirtschaftlich sch\u00e4dlichen und insbesondere in Wirtschaftskrisen klar kontraproduktiven Emissionsabgabe auf Eigenkapital zu. Von linker Seite wurde dagegen das Referendum ergriffen, weshalb bereits am 13. Februar 2022 Volk und St\u00e4nde \u00fcber die Vorlage beschliessen d\u00fcrfen.<\/p>\n<p>SwissHoldings begr\u00fcsst die \u00c4nderung des Stempelgesetzes klar. Die Emissionsabgabe geh\u00f6rt nach unserem Empfinden zu den volkswirtschaftlich sch\u00e4dlichen Steuern. Sie trifft Unternehmen, denen ein wirtschaftlich vorausschauender Staat keine zus\u00e4tzlichen Belastungen auferlegt.<\/p>\n<p>Die Emissionsabgabe belastet in der Praxis die folgenden drei Typen von Unternehmen, die sich bei ihren Aktion\u00e4ren neues Eigenkapital beschaffen m\u00fcssen:<\/p>\n<ol>\n<li>Unternehmen im \u00dcberlebenskampf (z.B. wegen Covid-19),<\/li>\n<li>Start-ups und<\/li>\n<li>Gesellschaften, die namhafte Investitionen t\u00e4tigen wollen, f\u00fcr welche das selbst erarbeitete Eigenkapital (zur\u00fcckbehaltene Gewinne) nicht ausreicht (z.B. Ausbau von Produktionskapazit\u00e4ten in der Schweiz).<\/li>\n<\/ol>\n<p>Unsere Mitgliedunternehmen m\u00fcssen gl\u00fccklicherweise nur selten neues Eigenkapital bei den Aktion\u00e4ren beschaffen. Viele unserer Unternehmen mussten deshalb w\u00e4hrend der letzten zwanzig Jahre nie oder nur in seltenen F\u00e4llen Emissionsabgabe zahlen. Dennoch k\u00f6nnen auch unsere Mitgliedunternehmen von einer Krise betroffen und zur Sicherung ihres \u00dcberlebens auf neues Kapital der Aktion\u00e4re angewiesen sein. Deshalb unterst\u00fctzen auch wir die Abschaffung dieser volkswirtschaftlich besonders sch\u00e4dlichen Steuer.<\/p>\n<p>Von s\u00e4mtlichen EU-Staaten kennen nur Spanien und Griechenland eine \u00e4hnliche Steuer wie die Schweizer Emissionsabgabe. Die EU-Kommission plant aktuell auf neu geschaffenem Eigenkapital sogar eine Gewinnsteuerreduktion zu gew\u00e4hren (<a href=\"mailto:https:\/\/ec.europa.eu\/info\/law\/better-regulation\/have-your-say\/initiatives\/12995-Debt-equity-bias-reduction-allowance-DEBRA-\/public-consultation_de\">DEBRA<\/a>). Anstelle einer Steuer auf neuem Eigenkapital, will also die EU eine Steuerverg\u00fcnstigung f\u00fcr neu geschaffenes Eigenkapital gew\u00e4hren.<\/p>\n<p>&nbsp;<\/p>\n<p><strong>Zur Verrechnungssteuerreform im Zinsbereich<\/strong><\/p>\n<p>SwissHoldings ist sehr erfreut, dass die eidgen\u00f6ssischen R\u00e4te die f\u00fcr unsere Mitgliedunternehmen essenzielle Verrechnungssteuerreform beschlossen haben. Auch gegen diesen lohnenden Schritt zur Verbesserung der Schweizer Standortpolitik wurde das Referendum ergriffen; die Sammelphase ist noch nicht abgeschlossen, aber auch bei dieser Vorlage ist davon auszugehen, dass Volk und St\u00e4nde das letzte Wort haben werden.<\/p>\n<p>SwissHoldings ist \u00fcberzeugt, dass diese Reform nicht nur den Wirtschaftsstandort st\u00e4rkt, sondern auch die Steuereinnahmen von Bund, Kantonen und Gemeinden erh\u00f6hen wird.<\/p>\n<p>Mit der Beseitigung der bestehenden Hindernisse im Finanzierungsbereich gewinnt die Schweiz beispielsweise deutlich an Attraktivit\u00e4t als Hauptsitzstandort. Staaten mit zahlreichen Hauptsitzen internationaler Unternehmen werden die Gewinner der OECD-Mindestbesteuerungsregeln (S\u00e4ule 2) sein. Wird in einem Staat einer Tochtergesellschaft der Mindeststeuersatz von 15 Prozent unterschritten, ist der Hauptsitzstaat verpflichtet, die Differenz zwischen dem effektiven Steuersatz (z.B. 12%) und dem OECD-Mindeststeuersatz (15%) zu besteuern. Damit nicht genug. Neben der Gewinnsteuer kann ein Hauptsitzstaat von den Dividenden an ausl\u00e4ndische Aktion\u00e4re gem\u00e4ss den anwendbaren Doppelbesteuerungsabkommen einen betr\u00e4chtlichen Teil f\u00fcr sich behalten. Die Zusatzeinnahmen aus der Verrechnungssteuer auf Dividenden betragen bei grossen Schweizer Unternehmen netto durchaus 500 Mio.\u00a0 Franken und mehr pro Jahr. Diese signifikanten und w\u00e4hrend der letzten zwanzig Jahre st\u00e4ndig gewachsenen Steuereinnahmen stehen f\u00fcr andere politische Projekte zur Verf\u00fcgung (z.B. Bildung, Altersvorsorge, \u00f6ffentlicher Verkehr). Steuerlich attraktive Bedingungen f\u00fcr Unternehmen sind nicht mit tiefen Einnahmen f\u00fcr den Schweizer Fiskus gleichzusetzen \u2013 im Gegenteil. Ein attraktives Steuerumfeld tr\u00e4gt zum Wachstum wertsch\u00f6pfungsintensiver Unternehmen bei und f\u00fchrt zu h\u00f6heren Steuereinnahmen von Unternehmen.<\/p>\n<blockquote><p><strong><em>&#8220;Die Schweiz ist einer der global attraktivsten Wirtschaftsstandorte. Davon profitieren wir alle in vielerlei Hinsicht enorm. Stellen wir die Weichen so, dass wir unseren Spitzenplatz auch in Zukunft verteidigen k\u00f6nnen.&#8221;<\/em><\/strong><\/p><\/blockquote>\n<p>Die Verrechnungssteuer-Vorlage ist jedoch nicht nur f\u00fcr unsere Konzerne von grosser Bedeutung, auch KMU und Start-Ups profitieren von der Reform. So d\u00fcrften dank der Reform auch mittelgrosse Schweizer Unternehmen k\u00fcnftig den Obligationenmarkt h\u00e4ufiger nutzen und sich g\u00fcnstiger als \u00fcber Bankkredite fremdfinanzieren. F\u00fcr Start-ups d\u00fcrfte Eigenkapital das prim\u00e4re Finanzierungsinstrument bleiben. Gem\u00e4ss Auskunft gewisser Start-ups, beispielsweise im Bereich der Bek\u00e4mpfung des Klimawandels, sei ein starker Obligationenmarkt allerdings auch f\u00fcr sie vorteilhaft, weshalb sie die Reform unterst\u00fctzen.<\/p>\n<p>Wird die Vorlage bei einer allf\u00e4lligen Volksabstimmung angenommen, kann sie hoffentlich bereits auf den 1. Januar 2023 in Kraft treten<\/p>\n<p><strong>\u00a0<\/strong><\/p>\n<p><strong>Zur OECD-Digitalbesteuerung<\/strong><\/p>\n<p>Der Bundesrat hat am 12. Januar seine Pl\u00e4ne zur Umsetzung von S\u00e4ule 2 der OECD-Digitalbesteuerung (Mindestbesteuerung) bekannt gegeben. SwissHoldings unterst\u00fctzt die Pl\u00e4ne des Bundesrats, die Vorgaben z\u00fcgig umzusetzen. Aktuell ist noch unklar, welche unserer Mitglieder betroffen sind und in welchem Umfang diese h\u00f6here Gewinnsteuerzahlungen in der Schweiz leisten werden. Wir gehen allerdings aufgrund der letzten Umfrage davon aus, dass insbesondere die besten Steuerzahler der Schweiz bedeutende Zusatzzahlungen hier werden leisten m\u00fcssen. Bei der Abstimmung zur Abschaffung der Emissionsabgabe, wie auch bei einer allf\u00e4lligen Abstimmung \u00fcber die Verrechnungssteuerreform, sollte dies mitber\u00fccksichtigt werden.<\/p>\n<p><strong>\u00a0<\/strong><\/p>\n<p><strong>Fazit<\/strong><\/p>\n<p>Aufgrund der Covid-19-Pandemie und der damit verbundenen starken Zunahme der Staatsschulden des Bundes sollten Steuerreformen vorangetrieben werden, die Wachstum und m\u00f6glichst rasch h\u00f6here Steuereinnahmen f\u00fcr Bund, Kantone und Gemeinden erm\u00f6glichen. Die Verrechnungssteuerreform und die Abschaffung der Emissionsabgabe verf\u00fcgen in dieser Hinsicht \u00fcber ein ausgezeichnetes Kosten-Nutzen-Verh\u00e4ltnis. Gem\u00e4ss Sch\u00e4tzungen des Bundes werden die beiden Reformen bereits in f\u00fcnf Jahren zu Mehreinnahmen f\u00fchren.<\/p>\n<p>Die Schweiz ist einer der global attraktivsten Wirtschaftsstandorte. Davon profitieren wir alle in vielerlei Hinsicht enorm. Stellen wir die Weichen so, dass wir unseren Spitzenplatz auch in Zukunft verteidigen k\u00f6nnen.<\/p>\n<ul>\n<li>Weitere Informationen zur Abschaffung der Emissionsabgabe finden Sie auf <a href=\"https:\/\/www.stempelabgabengesetz.ch\/\">Ja zur \u00c4nderung des Stempelabgabengesetzes<\/a><\/li>\n<li>Weitere Informationen zur Verrechnungssteuer finden Sie im SwissHoldings\u00a0<a href=\"https:\/\/swissholdings.ch\/verrechnungssteuerreform-dossier\/\">Dossier Verrechnungssteuerreform<\/a><\/li>\n<li>Weitere Informationen zum OECD-Digitalbesteuerungsprojekt finden Sie im SwissHoldings\u00a0<a href=\"https:\/\/swissholdings.ch\/oecd-digitalbesteuerungsprojekt\/\">Dossier OECD-Digitalbesteuerungsprojekt<\/a><\/li>\n<\/ul>\n","protected":false},"excerpt":{"rendered":"<p>In diesem Jahr besch\u00e4ftigen uns gleich mehrere schwergewichtige Steuervorlagen. Am 13. Februar beschliessen Volk und St\u00e4nde \u00fcber die Abschaffung der Emissionsabgabe auf Eigenkapital. Auch die f\u00fcr unsere Unternehmen essenzielle Verrechnungssteuerreform wird voraussichtlich in diesem Jahr an der Urne entschieden. Schliesslich kommen auch richtungsweisende Entscheide zum OECD-Digitalbesteuerungsprojekt auf uns zu. Im Juni 2021 stimmten die eidgen\u00f6ssischen &hellip;<\/p>\n","protected":false},"author":4,"featured_media":100003469,"comment_status":"open","ping_status":"open","sticky":false,"template":"","format":"standard","meta":{"footnotes":""},"categories":[59,66,51,70],"tags":[],"class_list":["post-100003625","post","type-post","status-publish","format-standard","has-post-thumbnail","hentry","category-digitalbesteuerung","category-nationales-steuerrecht","category-editorials","category-verrechnungssteuerreform"],"yoast_head":"<!-- This site is optimized with the Yoast SEO plugin v26.5 - https:\/\/yoast.com\/wordpress\/plugins\/seo\/ -->\n<title>2022: Steuerpolitische Weichen richtig stellen - Swissholdings FR<\/title>\n<meta name=\"description\" content=\"Die Schweiz ist einer der global attraktivsten Wirtschaftsstandorte. Davon profitieren wir alle in vielerlei Hinsicht enorm. Stellen wir die Weichen so, dass wir unseren Spitzenplatz auch in Zukunft verteidigen k\u00f6nnen.\" \/>\n<meta name=\"robots\" content=\"index, follow, max-snippet:-1, max-image-preview:large, max-video-preview:-1\" \/>\n<link rel=\"canonical\" href=\"https:\/\/swissholdings.ch\/fr\/2022-steuerpolitische-weichen-richtig-stellen\/\" \/>\n<meta property=\"og:locale\" content=\"fr_FR\" \/>\n<meta property=\"og:type\" content=\"article\" \/>\n<meta property=\"og:title\" content=\"2022: Steuerpolitische Weichen richtig stellen - Swissholdings FR\" \/>\n<meta property=\"og:description\" content=\"Die Schweiz ist einer der global attraktivsten Wirtschaftsstandorte. Davon profitieren wir alle in vielerlei Hinsicht enorm. Stellen wir die Weichen so, dass wir unseren Spitzenplatz auch in Zukunft verteidigen k\u00f6nnen.\" \/>\n<meta property=\"og:url\" content=\"https:\/\/swissholdings.ch\/fr\/2022-steuerpolitische-weichen-richtig-stellen\/\" \/>\n<meta property=\"og:site_name\" content=\"Swissholdings FR\" \/>\n<meta property=\"article:published_time\" content=\"2022-01-25T07:18:00+00:00\" \/>\n<meta property=\"og:image\" content=\"https:\/\/swissholdings.ch\/fr\/wp-content\/uploads\/sites\/3\/2021\/06\/Gabriel-Rumo-neu-e1624342816626.jpg\" \/>\n\t<meta property=\"og:image:width\" content=\"1\" \/>\n\t<meta property=\"og:image:height\" content=\"1\" \/>\n\t<meta property=\"og:image:type\" content=\"image\/jpeg\" \/>\n<meta name=\"author\" content=\"Pascal Nussbaum\" \/>\n<meta name=\"twitter:card\" content=\"summary_large_image\" \/>\n<meta name=\"twitter:label1\" content=\"\u00c9crit par\" \/>\n\t<meta name=\"twitter:data1\" content=\"Pascal Nussbaum\" \/>\n\t<meta name=\"twitter:label2\" content=\"Dur\u00e9e de lecture estim\u00e9e\" \/>\n\t<meta name=\"twitter:data2\" content=\"5 minutes\" \/>\n<script type=\"application\/ld+json\" class=\"yoast-schema-graph\">{\"@context\":\"https:\/\/schema.org\",\"@graph\":[{\"@type\":\"WebPage\",\"@id\":\"https:\/\/swissholdings.ch\/fr\/2022-steuerpolitische-weichen-richtig-stellen\/\",\"url\":\"https:\/\/swissholdings.ch\/fr\/2022-steuerpolitische-weichen-richtig-stellen\/\",\"name\":\"2022: Steuerpolitische Weichen richtig stellen - Swissholdings FR\",\"isPartOf\":{\"@id\":\"https:\/\/swissholdings.ch\/fr\/#website\"},\"primaryImageOfPage\":{\"@id\":\"https:\/\/swissholdings.ch\/fr\/2022-steuerpolitische-weichen-richtig-stellen\/#primaryimage\"},\"image\":{\"@id\":\"https:\/\/swissholdings.ch\/fr\/2022-steuerpolitische-weichen-richtig-stellen\/#primaryimage\"},\"thumbnailUrl\":\"https:\/\/swissholdings.ch\/fr\/wp-content\/uploads\/sites\/3\/2021\/06\/Gabriel-Rumo-neu-e1624342816626.jpg\",\"datePublished\":\"2022-01-25T07:18:00+00:00\",\"author\":{\"@id\":\"https:\/\/swissholdings.ch\/fr\/#\/schema\/person\/f9ff363c9d3fafcfac26fa22fef45743\"},\"description\":\"Die Schweiz ist einer der global attraktivsten Wirtschaftsstandorte. Davon profitieren wir alle in vielerlei Hinsicht enorm. Stellen wir die Weichen so, dass wir unseren Spitzenplatz auch in Zukunft verteidigen k\u00f6nnen.\",\"breadcrumb\":{\"@id\":\"https:\/\/swissholdings.ch\/fr\/2022-steuerpolitische-weichen-richtig-stellen\/#breadcrumb\"},\"inLanguage\":\"fr-FR\",\"potentialAction\":[{\"@type\":\"ReadAction\",\"target\":[\"https:\/\/swissholdings.ch\/fr\/2022-steuerpolitische-weichen-richtig-stellen\/\"]}]},{\"@type\":\"ImageObject\",\"inLanguage\":\"fr-FR\",\"@id\":\"https:\/\/swissholdings.ch\/fr\/2022-steuerpolitische-weichen-richtig-stellen\/#primaryimage\",\"url\":\"https:\/\/swissholdings.ch\/fr\/wp-content\/uploads\/sites\/3\/2021\/06\/Gabriel-Rumo-neu-e1624342816626.jpg\",\"contentUrl\":\"https:\/\/swissholdings.ch\/fr\/wp-content\/uploads\/sites\/3\/2021\/06\/Gabriel-Rumo-neu-e1624342816626.jpg\"},{\"@type\":\"BreadcrumbList\",\"@id\":\"https:\/\/swissholdings.ch\/fr\/2022-steuerpolitische-weichen-richtig-stellen\/#breadcrumb\",\"itemListElement\":[{\"@type\":\"ListItem\",\"position\":1,\"name\":\"Accueil\",\"item\":\"https:\/\/swissholdings.ch\/fr\/\"},{\"@type\":\"ListItem\",\"position\":2,\"name\":\"2022: Steuerpolitische Weichen richtig stellen\"}]},{\"@type\":\"WebSite\",\"@id\":\"https:\/\/swissholdings.ch\/fr\/#website\",\"url\":\"https:\/\/swissholdings.ch\/fr\/\",\"name\":\"Swissholdings FR\",\"description\":\"Swissholdings\",\"potentialAction\":[{\"@type\":\"SearchAction\",\"target\":{\"@type\":\"EntryPoint\",\"urlTemplate\":\"https:\/\/swissholdings.ch\/fr\/?s={search_term_string}\"},\"query-input\":{\"@type\":\"PropertyValueSpecification\",\"valueRequired\":true,\"valueName\":\"search_term_string\"}}],\"inLanguage\":\"fr-FR\"},{\"@type\":\"Person\",\"@id\":\"https:\/\/swissholdings.ch\/fr\/#\/schema\/person\/f9ff363c9d3fafcfac26fa22fef45743\",\"name\":\"Pascal Nussbaum\",\"image\":{\"@type\":\"ImageObject\",\"inLanguage\":\"fr-FR\",\"@id\":\"https:\/\/swissholdings.ch\/fr\/#\/schema\/person\/image\/\",\"url\":\"https:\/\/secure.gravatar.com\/avatar\/664120f276d22cf6fb7f7fd5f48b7b96?s=96&d=mm&r=g\",\"contentUrl\":\"https:\/\/secure.gravatar.com\/avatar\/664120f276d22cf6fb7f7fd5f48b7b96?s=96&d=mm&r=g\",\"caption\":\"Pascal Nussbaum\"},\"url\":\"https:\/\/swissholdings.ch\/fr\/author\/nussbaum\/\"}]}<\/script>\n<!-- \/ Yoast SEO plugin. -->","yoast_head_json":{"title":"2022: Steuerpolitische Weichen richtig stellen - Swissholdings FR","description":"Die Schweiz ist einer der global attraktivsten Wirtschaftsstandorte. Davon profitieren wir alle in vielerlei Hinsicht enorm. Stellen wir die Weichen so, dass wir unseren Spitzenplatz auch in Zukunft verteidigen k\u00f6nnen.","robots":{"index":"index","follow":"follow","max-snippet":"max-snippet:-1","max-image-preview":"max-image-preview:large","max-video-preview":"max-video-preview:-1"},"canonical":"https:\/\/swissholdings.ch\/fr\/2022-steuerpolitische-weichen-richtig-stellen\/","og_locale":"fr_FR","og_type":"article","og_title":"2022: Steuerpolitische Weichen richtig stellen - Swissholdings FR","og_description":"Die Schweiz ist einer der global attraktivsten Wirtschaftsstandorte. Davon profitieren wir alle in vielerlei Hinsicht enorm. Stellen wir die Weichen so, dass wir unseren Spitzenplatz auch in Zukunft verteidigen k\u00f6nnen.","og_url":"https:\/\/swissholdings.ch\/fr\/2022-steuerpolitische-weichen-richtig-stellen\/","og_site_name":"Swissholdings FR","article_published_time":"2022-01-25T07:18:00+00:00","og_image":[{"url":"https:\/\/swissholdings.ch\/fr\/wp-content\/uploads\/sites\/3\/2021\/06\/Gabriel-Rumo-neu-e1624342816626.jpg","width":1,"height":1,"type":"image\/jpeg"}],"author":"Pascal Nussbaum","twitter_card":"summary_large_image","twitter_misc":{"\u00c9crit par":"Pascal Nussbaum","Dur\u00e9e de lecture estim\u00e9e":"5 minutes"},"schema":{"@context":"https:\/\/schema.org","@graph":[{"@type":"WebPage","@id":"https:\/\/swissholdings.ch\/fr\/2022-steuerpolitische-weichen-richtig-stellen\/","url":"https:\/\/swissholdings.ch\/fr\/2022-steuerpolitische-weichen-richtig-stellen\/","name":"2022: Steuerpolitische Weichen richtig stellen - Swissholdings FR","isPartOf":{"@id":"https:\/\/swissholdings.ch\/fr\/#website"},"primaryImageOfPage":{"@id":"https:\/\/swissholdings.ch\/fr\/2022-steuerpolitische-weichen-richtig-stellen\/#primaryimage"},"image":{"@id":"https:\/\/swissholdings.ch\/fr\/2022-steuerpolitische-weichen-richtig-stellen\/#primaryimage"},"thumbnailUrl":"https:\/\/swissholdings.ch\/fr\/wp-content\/uploads\/sites\/3\/2021\/06\/Gabriel-Rumo-neu-e1624342816626.jpg","datePublished":"2022-01-25T07:18:00+00:00","author":{"@id":"https:\/\/swissholdings.ch\/fr\/#\/schema\/person\/f9ff363c9d3fafcfac26fa22fef45743"},"description":"Die Schweiz ist einer der global attraktivsten Wirtschaftsstandorte. Davon profitieren wir alle in vielerlei Hinsicht enorm. Stellen wir die Weichen so, dass wir unseren Spitzenplatz auch in Zukunft verteidigen k\u00f6nnen.","breadcrumb":{"@id":"https:\/\/swissholdings.ch\/fr\/2022-steuerpolitische-weichen-richtig-stellen\/#breadcrumb"},"inLanguage":"fr-FR","potentialAction":[{"@type":"ReadAction","target":["https:\/\/swissholdings.ch\/fr\/2022-steuerpolitische-weichen-richtig-stellen\/"]}]},{"@type":"ImageObject","inLanguage":"fr-FR","@id":"https:\/\/swissholdings.ch\/fr\/2022-steuerpolitische-weichen-richtig-stellen\/#primaryimage","url":"https:\/\/swissholdings.ch\/fr\/wp-content\/uploads\/sites\/3\/2021\/06\/Gabriel-Rumo-neu-e1624342816626.jpg","contentUrl":"https:\/\/swissholdings.ch\/fr\/wp-content\/uploads\/sites\/3\/2021\/06\/Gabriel-Rumo-neu-e1624342816626.jpg"},{"@type":"BreadcrumbList","@id":"https:\/\/swissholdings.ch\/fr\/2022-steuerpolitische-weichen-richtig-stellen\/#breadcrumb","itemListElement":[{"@type":"ListItem","position":1,"name":"Accueil","item":"https:\/\/swissholdings.ch\/fr\/"},{"@type":"ListItem","position":2,"name":"2022: Steuerpolitische Weichen richtig stellen"}]},{"@type":"WebSite","@id":"https:\/\/swissholdings.ch\/fr\/#website","url":"https:\/\/swissholdings.ch\/fr\/","name":"Swissholdings FR","description":"Swissholdings","potentialAction":[{"@type":"SearchAction","target":{"@type":"EntryPoint","urlTemplate":"https:\/\/swissholdings.ch\/fr\/?s={search_term_string}"},"query-input":{"@type":"PropertyValueSpecification","valueRequired":true,"valueName":"search_term_string"}}],"inLanguage":"fr-FR"},{"@type":"Person","@id":"https:\/\/swissholdings.ch\/fr\/#\/schema\/person\/f9ff363c9d3fafcfac26fa22fef45743","name":"Pascal Nussbaum","image":{"@type":"ImageObject","inLanguage":"fr-FR","@id":"https:\/\/swissholdings.ch\/fr\/#\/schema\/person\/image\/","url":"https:\/\/secure.gravatar.com\/avatar\/664120f276d22cf6fb7f7fd5f48b7b96?s=96&d=mm&r=g","contentUrl":"https:\/\/secure.gravatar.com\/avatar\/664120f276d22cf6fb7f7fd5f48b7b96?s=96&d=mm&r=g","caption":"Pascal Nussbaum"},"url":"https:\/\/swissholdings.ch\/fr\/author\/nussbaum\/"}]}},"_links":{"self":[{"href":"https:\/\/swissholdings.ch\/fr\/wp-json\/wp\/v2\/posts\/100003625","targetHints":{"allow":["GET"]}}],"collection":[{"href":"https:\/\/swissholdings.ch\/fr\/wp-json\/wp\/v2\/posts"}],"about":[{"href":"https:\/\/swissholdings.ch\/fr\/wp-json\/wp\/v2\/types\/post"}],"author":[{"embeddable":true,"href":"https:\/\/swissholdings.ch\/fr\/wp-json\/wp\/v2\/users\/4"}],"replies":[{"embeddable":true,"href":"https:\/\/swissholdings.ch\/fr\/wp-json\/wp\/v2\/comments?post=100003625"}],"version-history":[{"count":0,"href":"https:\/\/swissholdings.ch\/fr\/wp-json\/wp\/v2\/posts\/100003625\/revisions"}],"wp:featuredmedia":[{"embeddable":true,"href":"https:\/\/swissholdings.ch\/fr\/wp-json\/wp\/v2\/media\/100003469"}],"wp:attachment":[{"href":"https:\/\/swissholdings.ch\/fr\/wp-json\/wp\/v2\/media?parent=100003625"}],"wp:term":[{"taxonomy":"category","embeddable":true,"href":"https:\/\/swissholdings.ch\/fr\/wp-json\/wp\/v2\/categories?post=100003625"},{"taxonomy":"post_tag","embeddable":true,"href":"https:\/\/swissholdings.ch\/fr\/wp-json\/wp\/v2\/tags?post=100003625"}],"curies":[{"name":"wp","href":"https:\/\/api.w.org\/{rel}","templated":true}]}}