{"id":100000981,"date":"2014-09-12T10:54:13","date_gmt":"2014-09-12T08:54:13","guid":{"rendered":"https:\/\/sh-dev.openbyte.ch\/?p=100000981"},"modified":"2014-09-12T10:54:13","modified_gmt":"2014-09-12T08:54:13","slug":"vernehmlassung-zur-teilrevision-des-mehrwertsteuergesetzes","status":"publish","type":"post","link":"https:\/\/swissholdings.ch\/fr\/vernehmlassung-zur-teilrevision-des-mehrwertsteuergesetzes\/","title":{"rendered":"Vernehmlassung zur Teilrevision des Mehrwertsteuergesetzes"},"content":{"rendered":"<p>Das Konsultativgremium, in welchem SwissHoldings vertreten ist, hat sich zur Vernehmlassungsvorlage zur Teilrevision des Mehrwertsteuergesetzes ge\u00e4ussert und \u00c4nderungsvorschl\u00e4ge gemacht. SwissHoldings unterst\u00fctzt vollumf\u00e4nglich die \u00c4nderungsvorschl\u00e4ge und die dazu vorgebrachten Begr\u00fcndungen des Konsultativgremiums. In den nachfolgenden Ausf\u00fchrungen beschr\u00e4nken wir uns darauf, einzelne f\u00fcr unsere 60 international t\u00e4tigen Mitgliedfirmen besonders wichtige Aspekte zu erw\u00e4hnen. Im \u00dcbrigen gestatten wir uns, auf die Stellungnahme des Konsultativgremiums zu verweisen.<\/p>\n<p>&nbsp;<\/p>\n<p><a href=\"https:\/\/swissholdings.ch\/fr\/wp-content\/uploads\/sites\/3\/2019\/01\/14-09-12-Stellungnahme_Revison_MWSTG.pdf\" target=\"_blank\" rel=\"noopener\">Stellungnahme im Wortlaut (PDF)<\/a><\/p>\n","protected":false},"excerpt":{"rendered":"<p>Das Konsultativgremium, in welchem SwissHoldings vertreten ist, hat sich zur Vernehmlassungsvorlage zur Teilrevision des Mehrwertsteuergesetzes ge\u00e4ussert und \u00c4nderungsvorschl\u00e4ge gemacht. SwissHoldings unterst\u00fctzt vollumf\u00e4nglich die \u00c4nderungsvorschl\u00e4ge und die dazu vorgebrachten Begr\u00fcndungen des Konsultativgremiums. In den nachfolgenden Ausf\u00fchrungen beschr\u00e4nken wir uns darauf, einzelne f\u00fcr unsere 60 international t\u00e4tigen Mitgliedfirmen besonders wichtige Aspekte zu erw\u00e4hnen. Im \u00dcbrigen gestatten wir &hellip;<\/p>\n","protected":false},"author":1,"featured_media":0,"comment_status":"open","ping_status":"open","sticky":false,"template":"","format":"standard","meta":{"footnotes":""},"categories":[14],"tags":[],"class_list":["post-100000981","post","type-post","status-publish","format-standard","hentry","category-steuern"],"yoast_head":"<!-- This site is optimized with the Yoast SEO plugin v26.5 - https:\/\/yoast.com\/wordpress\/plugins\/seo\/ -->\n<title>Vernehmlassung zur Teilrevision des Mehrwertsteuergesetzes - Swissholdings FR<\/title>\n<meta name=\"robots\" content=\"index, follow, max-snippet:-1, max-image-preview:large, max-video-preview:-1\" \/>\n<link rel=\"canonical\" href=\"https:\/\/swissholdings.ch\/fr\/vernehmlassung-zur-teilrevision-des-mehrwertsteuergesetzes\/\" \/>\n<meta property=\"og:locale\" content=\"fr_FR\" \/>\n<meta property=\"og:type\" content=\"article\" \/>\n<meta property=\"og:title\" content=\"Vernehmlassung zur Teilrevision des Mehrwertsteuergesetzes - Swissholdings FR\" \/>\n<meta property=\"og:description\" content=\"Das Konsultativgremium, in welchem SwissHoldings vertreten ist, hat sich zur Vernehmlassungsvorlage zur Teilrevision des Mehrwertsteuergesetzes ge\u00e4ussert und \u00c4nderungsvorschl\u00e4ge gemacht. SwissHoldings unterst\u00fctzt vollumf\u00e4nglich die \u00c4nderungsvorschl\u00e4ge und die dazu vorgebrachten Begr\u00fcndungen des Konsultativgremiums. In den nachfolgenden Ausf\u00fchrungen beschr\u00e4nken wir uns darauf, einzelne f\u00fcr unsere 60 international t\u00e4tigen Mitgliedfirmen besonders wichtige Aspekte zu erw\u00e4hnen. Im \u00dcbrigen gestatten wir &hellip;\" \/>\n<meta property=\"og:url\" content=\"https:\/\/swissholdings.ch\/fr\/vernehmlassung-zur-teilrevision-des-mehrwertsteuergesetzes\/\" \/>\n<meta property=\"og:site_name\" content=\"Swissholdings FR\" \/>\n<meta property=\"article:published_time\" content=\"2014-09-12T08:54:13+00:00\" \/>\n<meta name=\"author\" content=\"Admin Swissholdings\" \/>\n<meta name=\"twitter:card\" content=\"summary_large_image\" \/>\n<meta name=\"twitter:label1\" content=\"\u00c9crit par\" \/>\n\t<meta name=\"twitter:data1\" content=\"Admin Swissholdings\" \/>\n<script type=\"application\/ld+json\" class=\"yoast-schema-graph\">{\"@context\":\"https:\/\/schema.org\",\"@graph\":[{\"@type\":\"WebPage\",\"@id\":\"https:\/\/swissholdings.ch\/fr\/vernehmlassung-zur-teilrevision-des-mehrwertsteuergesetzes\/\",\"url\":\"https:\/\/swissholdings.ch\/fr\/vernehmlassung-zur-teilrevision-des-mehrwertsteuergesetzes\/\",\"name\":\"Vernehmlassung zur Teilrevision des Mehrwertsteuergesetzes - Swissholdings FR\",\"isPartOf\":{\"@id\":\"https:\/\/swissholdings.ch\/fr\/#website\"},\"datePublished\":\"2014-09-12T08:54:13+00:00\",\"author\":{\"@id\":\"https:\/\/swissholdings.ch\/fr\/#\/schema\/person\/630786998c97b397008a5c6891cf619f\"},\"breadcrumb\":{\"@id\":\"https:\/\/swissholdings.ch\/fr\/vernehmlassung-zur-teilrevision-des-mehrwertsteuergesetzes\/#breadcrumb\"},\"inLanguage\":\"fr-FR\",\"potentialAction\":[{\"@type\":\"ReadAction\",\"target\":[\"https:\/\/swissholdings.ch\/fr\/vernehmlassung-zur-teilrevision-des-mehrwertsteuergesetzes\/\"]}]},{\"@type\":\"BreadcrumbList\",\"@id\":\"https:\/\/swissholdings.ch\/fr\/vernehmlassung-zur-teilrevision-des-mehrwertsteuergesetzes\/#breadcrumb\",\"itemListElement\":[{\"@type\":\"ListItem\",\"position\":1,\"name\":\"Accueil\",\"item\":\"https:\/\/swissholdings.ch\/fr\/\"},{\"@type\":\"ListItem\",\"position\":2,\"name\":\"Vernehmlassung zur Teilrevision des Mehrwertsteuergesetzes\"}]},{\"@type\":\"WebSite\",\"@id\":\"https:\/\/swissholdings.ch\/fr\/#website\",\"url\":\"https:\/\/swissholdings.ch\/fr\/\",\"name\":\"Swissholdings FR\",\"description\":\"Swissholdings\",\"potentialAction\":[{\"@type\":\"SearchAction\",\"target\":{\"@type\":\"EntryPoint\",\"urlTemplate\":\"https:\/\/swissholdings.ch\/fr\/?s={search_term_string}\"},\"query-input\":{\"@type\":\"PropertyValueSpecification\",\"valueRequired\":true,\"valueName\":\"search_term_string\"}}],\"inLanguage\":\"fr-FR\"},{\"@type\":\"Person\",\"@id\":\"https:\/\/swissholdings.ch\/fr\/#\/schema\/person\/630786998c97b397008a5c6891cf619f\",\"name\":\"Admin Swissholdings\",\"image\":{\"@type\":\"ImageObject\",\"inLanguage\":\"fr-FR\",\"@id\":\"https:\/\/swissholdings.ch\/fr\/#\/schema\/person\/image\/\",\"url\":\"https:\/\/secure.gravatar.com\/avatar\/9d0243dfb36109e642efbe308041d83c?s=96&d=mm&r=g\",\"contentUrl\":\"https:\/\/secure.gravatar.com\/avatar\/9d0243dfb36109e642efbe308041d83c?s=96&d=mm&r=g\",\"caption\":\"Admin Swissholdings\"},\"description\":\"Administrator Swissholdings, 079 999 99 99, info@swissholdings.ch\",\"url\":\"https:\/\/swissholdings.ch\/fr\/author\/adminswissholdingsdev\/\"}]}<\/script>\n<!-- \/ Yoast SEO plugin. -->","yoast_head_json":{"title":"Vernehmlassung zur Teilrevision des Mehrwertsteuergesetzes - Swissholdings FR","robots":{"index":"index","follow":"follow","max-snippet":"max-snippet:-1","max-image-preview":"max-image-preview:large","max-video-preview":"max-video-preview:-1"},"canonical":"https:\/\/swissholdings.ch\/fr\/vernehmlassung-zur-teilrevision-des-mehrwertsteuergesetzes\/","og_locale":"fr_FR","og_type":"article","og_title":"Vernehmlassung zur Teilrevision des Mehrwertsteuergesetzes - Swissholdings FR","og_description":"Das Konsultativgremium, in welchem SwissHoldings vertreten ist, hat sich zur Vernehmlassungsvorlage zur Teilrevision des Mehrwertsteuergesetzes ge\u00e4ussert und \u00c4nderungsvorschl\u00e4ge gemacht. SwissHoldings unterst\u00fctzt vollumf\u00e4nglich die \u00c4nderungsvorschl\u00e4ge und die dazu vorgebrachten Begr\u00fcndungen des Konsultativgremiums. In den nachfolgenden Ausf\u00fchrungen beschr\u00e4nken wir uns darauf, einzelne f\u00fcr unsere 60 international t\u00e4tigen Mitgliedfirmen besonders wichtige Aspekte zu erw\u00e4hnen. Im \u00dcbrigen gestatten wir &hellip;","og_url":"https:\/\/swissholdings.ch\/fr\/vernehmlassung-zur-teilrevision-des-mehrwertsteuergesetzes\/","og_site_name":"Swissholdings FR","article_published_time":"2014-09-12T08:54:13+00:00","author":"Admin Swissholdings","twitter_card":"summary_large_image","twitter_misc":{"\u00c9crit par":"Admin Swissholdings"},"schema":{"@context":"https:\/\/schema.org","@graph":[{"@type":"WebPage","@id":"https:\/\/swissholdings.ch\/fr\/vernehmlassung-zur-teilrevision-des-mehrwertsteuergesetzes\/","url":"https:\/\/swissholdings.ch\/fr\/vernehmlassung-zur-teilrevision-des-mehrwertsteuergesetzes\/","name":"Vernehmlassung zur Teilrevision des Mehrwertsteuergesetzes - Swissholdings FR","isPartOf":{"@id":"https:\/\/swissholdings.ch\/fr\/#website"},"datePublished":"2014-09-12T08:54:13+00:00","author":{"@id":"https:\/\/swissholdings.ch\/fr\/#\/schema\/person\/630786998c97b397008a5c6891cf619f"},"breadcrumb":{"@id":"https:\/\/swissholdings.ch\/fr\/vernehmlassung-zur-teilrevision-des-mehrwertsteuergesetzes\/#breadcrumb"},"inLanguage":"fr-FR","potentialAction":[{"@type":"ReadAction","target":["https:\/\/swissholdings.ch\/fr\/vernehmlassung-zur-teilrevision-des-mehrwertsteuergesetzes\/"]}]},{"@type":"BreadcrumbList","@id":"https:\/\/swissholdings.ch\/fr\/vernehmlassung-zur-teilrevision-des-mehrwertsteuergesetzes\/#breadcrumb","itemListElement":[{"@type":"ListItem","position":1,"name":"Accueil","item":"https:\/\/swissholdings.ch\/fr\/"},{"@type":"ListItem","position":2,"name":"Vernehmlassung zur Teilrevision des Mehrwertsteuergesetzes"}]},{"@type":"WebSite","@id":"https:\/\/swissholdings.ch\/fr\/#website","url":"https:\/\/swissholdings.ch\/fr\/","name":"Swissholdings FR","description":"Swissholdings","potentialAction":[{"@type":"SearchAction","target":{"@type":"EntryPoint","urlTemplate":"https:\/\/swissholdings.ch\/fr\/?s={search_term_string}"},"query-input":{"@type":"PropertyValueSpecification","valueRequired":true,"valueName":"search_term_string"}}],"inLanguage":"fr-FR"},{"@type":"Person","@id":"https:\/\/swissholdings.ch\/fr\/#\/schema\/person\/630786998c97b397008a5c6891cf619f","name":"Admin Swissholdings","image":{"@type":"ImageObject","inLanguage":"fr-FR","@id":"https:\/\/swissholdings.ch\/fr\/#\/schema\/person\/image\/","url":"https:\/\/secure.gravatar.com\/avatar\/9d0243dfb36109e642efbe308041d83c?s=96&d=mm&r=g","contentUrl":"https:\/\/secure.gravatar.com\/avatar\/9d0243dfb36109e642efbe308041d83c?s=96&d=mm&r=g","caption":"Admin Swissholdings"},"description":"Administrator Swissholdings, 079 999 99 99, info@swissholdings.ch","url":"https:\/\/swissholdings.ch\/fr\/author\/adminswissholdingsdev\/"}]}},"_links":{"self":[{"href":"https:\/\/swissholdings.ch\/fr\/wp-json\/wp\/v2\/posts\/100000981","targetHints":{"allow":["GET"]}}],"collection":[{"href":"https:\/\/swissholdings.ch\/fr\/wp-json\/wp\/v2\/posts"}],"about":[{"href":"https:\/\/swissholdings.ch\/fr\/wp-json\/wp\/v2\/types\/post"}],"author":[{"embeddable":true,"href":"https:\/\/swissholdings.ch\/fr\/wp-json\/wp\/v2\/users\/1"}],"replies":[{"embeddable":true,"href":"https:\/\/swissholdings.ch\/fr\/wp-json\/wp\/v2\/comments?post=100000981"}],"version-history":[{"count":0,"href":"https:\/\/swissholdings.ch\/fr\/wp-json\/wp\/v2\/posts\/100000981\/revisions"}],"wp:attachment":[{"href":"https:\/\/swissholdings.ch\/fr\/wp-json\/wp\/v2\/media?parent=100000981"}],"wp:term":[{"taxonomy":"category","embeddable":true,"href":"https:\/\/swissholdings.ch\/fr\/wp-json\/wp\/v2\/categories?post=100000981"},{"taxonomy":"post_tag","embeddable":true,"href":"https:\/\/swissholdings.ch\/fr\/wp-json\/wp\/v2\/tags?post=100000981"}],"curies":[{"name":"wp","href":"https:\/\/api.w.org\/{rel}","templated":true}]}}