{"id":100001554,"date":"2017-03-01T11:42:56","date_gmt":"2017-03-01T10:42:56","guid":{"rendered":"https:\/\/sh-dev.openbyte.ch\/en\/2017\/03\/01\/stellungnahme-zum-gegenentwurf-zur-volksinitiative-rasa\/"},"modified":"2017-03-01T11:42:56","modified_gmt":"2017-03-01T10:42:56","slug":"stellungnahme-zum-gegenentwurf-zur-volksinitiative-rasa","status":"publish","type":"post","link":"https:\/\/swissholdings.ch\/en\/stellungnahme-zum-gegenentwurf-zur-volksinitiative-rasa\/","title":{"rendered":"Stellungnahme zum Gegenentwurf zur Volksinitiative RASA"},"content":{"rendered":"<p>Die RASA-Initiative, die am 27. Oktober 2015 eingereicht wurde, verlangt die Aufhebung der vom Schweizer Stimmvolk am 9. Februar 2014 angenommenen Art. 121a und 197 Ziff. 11 der Bundesverfassung. Laut RASA-Initianten wurde das Volksbegehren lanciert zur Wahrung der bilateralen Vertr\u00e4ge mit der EU, falls diese durch die Umsetzung von Art. 121a BV gef\u00e4hrdet w\u00fcrden. Mittlerweile hat das Parlament \u2013 innerhalb der von Art. 197 Ziff. 11 BV vorgegebenen Frist \u2013 die Umsetzung verabschiedet und zwar in einer Art und Weise, die die bilateralen Vertr\u00e4ge nicht gef\u00e4hrdet. Der Hauptgrund der RASA-Initiative ist damit hinf\u00e4llig geworden und entsprechend bedauern wir, dass die Initiative bisher noch nicht zur\u00fcckgezogen worden ist. Es ist zu hoffen, dass dieser Schritt von den Initianten noch gemacht wird. Gerade mit Blick auf die Zielsetzung der Initianten, die bilateralen Vertr\u00e4ge m\u00f6glichst wahren zu wollen, erscheint es uns falsch, im jetzigen Zeitpunkt eine europapolitische Grundsatzabstimmung zu forcieren. Aus Schweizer Sicht haben wir nach unserer Beurteilung derzeit jedes Interesse, vorab zu beobachten, wie sich die Beziehungen zwischen Grossbritannien und der EU weiterentwickeln (Brexit-Verhandlungen) und Grundsatzabstimmungen zur Ausgestaltung des k\u00fcnftigen Verh\u00e4ltnisses der Schweiz und der EU erst im Lichte dieser zus\u00e4tzlichen Erkenntnisse abzuhalten.<\/p>\n<p><a href=\"https:\/\/swissholdings.ch\/wp-content\/uploads\/2018\/11\/17-03-01-SH-Stellungnahme-RASA_Gegenentwurf.pdf\" rel=\"noopener\" target=\"_blank\">Die Stellungnahme im Wortlaut (PDF)<\/a><\/p>\n","protected":false},"excerpt":{"rendered":"<p>Die RASA-Initiative, die am 27. Oktober 2015 eingereicht wurde, verlangt die Aufhebung der vom Schweizer Stimmvolk am 9. Februar 2014 angenommenen Art. 121a und 197 Ziff. 11 der Bundesverfassung. Laut RASA-Initianten wurde das Volksbegehren lanciert zur Wahrung der bilateralen Vertr\u00e4ge mit der EU, falls diese durch die Umsetzung von Art. 121a BV gef\u00e4hrdet w\u00fcrden. Mittlerweile &hellip;<\/p>\n","protected":false},"author":1,"featured_media":0,"comment_status":"open","ping_status":"open","sticky":false,"template":"","format":"standard","meta":{"footnotes":""},"categories":[9],"tags":[],"class_list":["post-100001554","post","type-post","status-publish","format-standard","hentry","category-handels-und-investitionspolitik"],"yoast_head":"<!-- This site is optimized with the Yoast SEO plugin v26.5 - https:\/\/yoast.com\/wordpress\/plugins\/seo\/ -->\n<title>Stellungnahme zum Gegenentwurf zur Volksinitiative RASA - Swissholdings EN<\/title>\n<meta name=\"robots\" content=\"index, follow, max-snippet:-1, max-image-preview:large, max-video-preview:-1\" \/>\n<link rel=\"canonical\" href=\"https:\/\/swissholdings.ch\/en\/stellungnahme-zum-gegenentwurf-zur-volksinitiative-rasa\/\" \/>\n<meta property=\"og:locale\" content=\"en_US\" \/>\n<meta property=\"og:type\" content=\"article\" \/>\n<meta property=\"og:title\" content=\"Stellungnahme zum Gegenentwurf zur Volksinitiative RASA - Swissholdings EN\" \/>\n<meta property=\"og:description\" content=\"Die RASA-Initiative, die am 27. Oktober 2015 eingereicht wurde, verlangt die Aufhebung der vom Schweizer Stimmvolk am 9. Februar 2014 angenommenen Art. 121a und 197 Ziff. 11 der Bundesverfassung. Laut RASA-Initianten wurde das Volksbegehren lanciert zur Wahrung der bilateralen Vertr\u00e4ge mit der EU, falls diese durch die Umsetzung von Art. 121a BV gef\u00e4hrdet w\u00fcrden. Mittlerweile &hellip;\" \/>\n<meta property=\"og:url\" content=\"https:\/\/swissholdings.ch\/en\/stellungnahme-zum-gegenentwurf-zur-volksinitiative-rasa\/\" \/>\n<meta property=\"og:site_name\" content=\"Swissholdings EN\" \/>\n<meta property=\"article:published_time\" content=\"2017-03-01T10:42:56+00:00\" \/>\n<meta name=\"author\" content=\"Admin Swissholdings\" \/>\n<meta name=\"twitter:card\" content=\"summary_large_image\" \/>\n<meta name=\"twitter:label1\" content=\"Written by\" \/>\n\t<meta name=\"twitter:data1\" content=\"Admin Swissholdings\" \/>\n\t<meta name=\"twitter:label2\" content=\"Est. reading time\" \/>\n\t<meta name=\"twitter:data2\" content=\"1 minute\" \/>\n<script type=\"application\/ld+json\" class=\"yoast-schema-graph\">{\"@context\":\"https:\/\/schema.org\",\"@graph\":[{\"@type\":\"WebPage\",\"@id\":\"https:\/\/swissholdings.ch\/en\/stellungnahme-zum-gegenentwurf-zur-volksinitiative-rasa\/\",\"url\":\"https:\/\/swissholdings.ch\/en\/stellungnahme-zum-gegenentwurf-zur-volksinitiative-rasa\/\",\"name\":\"Stellungnahme zum Gegenentwurf zur Volksinitiative RASA - Swissholdings EN\",\"isPartOf\":{\"@id\":\"https:\/\/swissholdings.ch\/en\/#website\"},\"datePublished\":\"2017-03-01T10:42:56+00:00\",\"author\":{\"@id\":\"https:\/\/swissholdings.ch\/en\/#\/schema\/person\/630786998c97b397008a5c6891cf619f\"},\"breadcrumb\":{\"@id\":\"https:\/\/swissholdings.ch\/en\/stellungnahme-zum-gegenentwurf-zur-volksinitiative-rasa\/#breadcrumb\"},\"inLanguage\":\"en-US\",\"potentialAction\":[{\"@type\":\"ReadAction\",\"target\":[\"https:\/\/swissholdings.ch\/en\/stellungnahme-zum-gegenentwurf-zur-volksinitiative-rasa\/\"]}]},{\"@type\":\"BreadcrumbList\",\"@id\":\"https:\/\/swissholdings.ch\/en\/stellungnahme-zum-gegenentwurf-zur-volksinitiative-rasa\/#breadcrumb\",\"itemListElement\":[{\"@type\":\"ListItem\",\"position\":1,\"name\":\"Home\",\"item\":\"https:\/\/swissholdings.ch\/en\/\"},{\"@type\":\"ListItem\",\"position\":2,\"name\":\"Stellungnahme zum Gegenentwurf zur Volksinitiative RASA\"}]},{\"@type\":\"WebSite\",\"@id\":\"https:\/\/swissholdings.ch\/en\/#website\",\"url\":\"https:\/\/swissholdings.ch\/en\/\",\"name\":\"Swissholdings EN\",\"description\":\"Federation of Industrial and Service groups in Switzerland\",\"potentialAction\":[{\"@type\":\"SearchAction\",\"target\":{\"@type\":\"EntryPoint\",\"urlTemplate\":\"https:\/\/swissholdings.ch\/en\/?s={search_term_string}\"},\"query-input\":{\"@type\":\"PropertyValueSpecification\",\"valueRequired\":true,\"valueName\":\"search_term_string\"}}],\"inLanguage\":\"en-US\"},{\"@type\":\"Person\",\"@id\":\"https:\/\/swissholdings.ch\/en\/#\/schema\/person\/630786998c97b397008a5c6891cf619f\",\"name\":\"Admin Swissholdings\",\"image\":{\"@type\":\"ImageObject\",\"inLanguage\":\"en-US\",\"@id\":\"https:\/\/swissholdings.ch\/en\/#\/schema\/person\/image\/\",\"url\":\"https:\/\/secure.gravatar.com\/avatar\/9d0243dfb36109e642efbe308041d83c?s=96&d=mm&r=g\",\"contentUrl\":\"https:\/\/secure.gravatar.com\/avatar\/9d0243dfb36109e642efbe308041d83c?s=96&d=mm&r=g\",\"caption\":\"Admin Swissholdings\"},\"description\":\"Administrator Swissholdings, 079 999 99 99, info@swissholdings.ch\",\"url\":\"https:\/\/swissholdings.ch\/en\/author\/adminswissholdingsdev\/\"}]}<\/script>\n<!-- \/ Yoast SEO plugin. -->","yoast_head_json":{"title":"Stellungnahme zum Gegenentwurf zur Volksinitiative RASA - Swissholdings EN","robots":{"index":"index","follow":"follow","max-snippet":"max-snippet:-1","max-image-preview":"max-image-preview:large","max-video-preview":"max-video-preview:-1"},"canonical":"https:\/\/swissholdings.ch\/en\/stellungnahme-zum-gegenentwurf-zur-volksinitiative-rasa\/","og_locale":"en_US","og_type":"article","og_title":"Stellungnahme zum Gegenentwurf zur Volksinitiative RASA - Swissholdings EN","og_description":"Die RASA-Initiative, die am 27. Oktober 2015 eingereicht wurde, verlangt die Aufhebung der vom Schweizer Stimmvolk am 9. Februar 2014 angenommenen Art. 121a und 197 Ziff. 11 der Bundesverfassung. Laut RASA-Initianten wurde das Volksbegehren lanciert zur Wahrung der bilateralen Vertr\u00e4ge mit der EU, falls diese durch die Umsetzung von Art. 121a BV gef\u00e4hrdet w\u00fcrden. Mittlerweile &hellip;","og_url":"https:\/\/swissholdings.ch\/en\/stellungnahme-zum-gegenentwurf-zur-volksinitiative-rasa\/","og_site_name":"Swissholdings EN","article_published_time":"2017-03-01T10:42:56+00:00","author":"Admin Swissholdings","twitter_card":"summary_large_image","twitter_misc":{"Written by":"Admin Swissholdings","Est. reading time":"1 minute"},"schema":{"@context":"https:\/\/schema.org","@graph":[{"@type":"WebPage","@id":"https:\/\/swissholdings.ch\/en\/stellungnahme-zum-gegenentwurf-zur-volksinitiative-rasa\/","url":"https:\/\/swissholdings.ch\/en\/stellungnahme-zum-gegenentwurf-zur-volksinitiative-rasa\/","name":"Stellungnahme zum Gegenentwurf zur Volksinitiative RASA - Swissholdings EN","isPartOf":{"@id":"https:\/\/swissholdings.ch\/en\/#website"},"datePublished":"2017-03-01T10:42:56+00:00","author":{"@id":"https:\/\/swissholdings.ch\/en\/#\/schema\/person\/630786998c97b397008a5c6891cf619f"},"breadcrumb":{"@id":"https:\/\/swissholdings.ch\/en\/stellungnahme-zum-gegenentwurf-zur-volksinitiative-rasa\/#breadcrumb"},"inLanguage":"en-US","potentialAction":[{"@type":"ReadAction","target":["https:\/\/swissholdings.ch\/en\/stellungnahme-zum-gegenentwurf-zur-volksinitiative-rasa\/"]}]},{"@type":"BreadcrumbList","@id":"https:\/\/swissholdings.ch\/en\/stellungnahme-zum-gegenentwurf-zur-volksinitiative-rasa\/#breadcrumb","itemListElement":[{"@type":"ListItem","position":1,"name":"Home","item":"https:\/\/swissholdings.ch\/en\/"},{"@type":"ListItem","position":2,"name":"Stellungnahme zum Gegenentwurf zur Volksinitiative RASA"}]},{"@type":"WebSite","@id":"https:\/\/swissholdings.ch\/en\/#website","url":"https:\/\/swissholdings.ch\/en\/","name":"Swissholdings EN","description":"Federation of Industrial and Service groups in Switzerland","potentialAction":[{"@type":"SearchAction","target":{"@type":"EntryPoint","urlTemplate":"https:\/\/swissholdings.ch\/en\/?s={search_term_string}"},"query-input":{"@type":"PropertyValueSpecification","valueRequired":true,"valueName":"search_term_string"}}],"inLanguage":"en-US"},{"@type":"Person","@id":"https:\/\/swissholdings.ch\/en\/#\/schema\/person\/630786998c97b397008a5c6891cf619f","name":"Admin Swissholdings","image":{"@type":"ImageObject","inLanguage":"en-US","@id":"https:\/\/swissholdings.ch\/en\/#\/schema\/person\/image\/","url":"https:\/\/secure.gravatar.com\/avatar\/9d0243dfb36109e642efbe308041d83c?s=96&d=mm&r=g","contentUrl":"https:\/\/secure.gravatar.com\/avatar\/9d0243dfb36109e642efbe308041d83c?s=96&d=mm&r=g","caption":"Admin Swissholdings"},"description":"Administrator Swissholdings, 079 999 99 99, info@swissholdings.ch","url":"https:\/\/swissholdings.ch\/en\/author\/adminswissholdingsdev\/"}]}},"_links":{"self":[{"href":"https:\/\/swissholdings.ch\/en\/wp-json\/wp\/v2\/posts\/100001554","targetHints":{"allow":["GET"]}}],"collection":[{"href":"https:\/\/swissholdings.ch\/en\/wp-json\/wp\/v2\/posts"}],"about":[{"href":"https:\/\/swissholdings.ch\/en\/wp-json\/wp\/v2\/types\/post"}],"author":[{"embeddable":true,"href":"https:\/\/swissholdings.ch\/en\/wp-json\/wp\/v2\/users\/1"}],"replies":[{"embeddable":true,"href":"https:\/\/swissholdings.ch\/en\/wp-json\/wp\/v2\/comments?post=100001554"}],"version-history":[{"count":0,"href":"https:\/\/swissholdings.ch\/en\/wp-json\/wp\/v2\/posts\/100001554\/revisions"}],"wp:attachment":[{"href":"https:\/\/swissholdings.ch\/en\/wp-json\/wp\/v2\/media?parent=100001554"}],"wp:term":[{"taxonomy":"category","embeddable":true,"href":"https:\/\/swissholdings.ch\/en\/wp-json\/wp\/v2\/categories?post=100001554"},{"taxonomy":"post_tag","embeddable":true,"href":"https:\/\/swissholdings.ch\/en\/wp-json\/wp\/v2\/tags?post=100001554"}],"curies":[{"name":"wp","href":"https:\/\/api.w.org\/{rel}","templated":true}]}}