{"id":100001537,"date":"2017-12-19T16:33:44","date_gmt":"2017-12-19T15:33:44","guid":{"rendered":"https:\/\/sh-dev.openbyte.ch\/en\/2017\/12\/19\/tages-anzeiger-interview-mit-der-basler-finanzdirektorin-eva-herzog\/"},"modified":"2017-12-19T16:33:44","modified_gmt":"2017-12-19T15:33:44","slug":"tages-anzeiger-interview-mit-der-basler-finanzdirektorin-eva-herzog","status":"publish","type":"post","link":"https:\/\/swissholdings.ch\/en\/tages-anzeiger-interview-mit-der-basler-finanzdirektorin-eva-herzog\/","title":{"rendered":"Tages-Anzeiger: Interview mit der Basler Finanzdirektorin Eva Herzog"},"content":{"rendered":"<h2>Die Kantone akzeptieren das nicht<\/h2>\n<p><strong>Eva Herzog, Vizepr\u00e4sidentin der kantonalen Finanzdirektoren, setzt sich f\u00fcr eine ganzheitliche neue Steuerreform ein. Unter einer Aufspaltung h\u00e4tten insbesondere Z\u00fcrich und Basel zu leiden.<\/strong><\/p>\n<p><a href=\"https:\/\/swissholdings.ch\/wp-content\/uploads\/2017\/12\/17-12-19_TA_Interview_Eva_Herzog.pdf\" rel=\"noopener\" target=\"_blank\">Artikel im Tagesanzeiger vom 19. Dezember 2017 (PDF)<\/a><\/p>\n","protected":false},"excerpt":{"rendered":"<p>Die Kantone akzeptieren das nicht Eva Herzog, Vizepr\u00e4sidentin der kantonalen Finanzdirektoren, setzt sich f\u00fcr eine ganzheitliche neue Steuerreform ein. Unter einer Aufspaltung h\u00e4tten insbesondere Z\u00fcrich und Basel zu leiden. Artikel im Tagesanzeiger vom 19. Dezember 2017 (PDF)<\/p>\n","protected":false},"author":1,"featured_media":0,"comment_status":"open","ping_status":"open","sticky":false,"template":"","format":"standard","meta":{"footnotes":""},"categories":[10],"tags":[],"class_list":["post-100001537","post","type-post","status-publish","format-standard","hentry","category-steuervorlage17"],"yoast_head":"<!-- This site is optimized with the Yoast SEO plugin v26.5 - https:\/\/yoast.com\/wordpress\/plugins\/seo\/ -->\n<title>Tages-Anzeiger: Interview mit der Basler Finanzdirektorin Eva Herzog - Swissholdings EN<\/title>\n<meta name=\"robots\" content=\"index, follow, max-snippet:-1, max-image-preview:large, max-video-preview:-1\" \/>\n<link rel=\"canonical\" href=\"https:\/\/swissholdings.ch\/en\/tages-anzeiger-interview-mit-der-basler-finanzdirektorin-eva-herzog\/\" \/>\n<meta property=\"og:locale\" content=\"en_US\" \/>\n<meta property=\"og:type\" content=\"article\" \/>\n<meta property=\"og:title\" content=\"Tages-Anzeiger: Interview mit der Basler Finanzdirektorin Eva Herzog - Swissholdings EN\" \/>\n<meta property=\"og:description\" content=\"Die Kantone akzeptieren das nicht Eva Herzog, Vizepr\u00e4sidentin der kantonalen Finanzdirektoren, setzt sich f\u00fcr eine ganzheitliche neue Steuerreform ein. Unter einer Aufspaltung h\u00e4tten insbesondere Z\u00fcrich und Basel zu leiden. Artikel im Tagesanzeiger vom 19. Dezember 2017 (PDF)\" \/>\n<meta property=\"og:url\" content=\"https:\/\/swissholdings.ch\/en\/tages-anzeiger-interview-mit-der-basler-finanzdirektorin-eva-herzog\/\" \/>\n<meta property=\"og:site_name\" content=\"Swissholdings EN\" \/>\n<meta property=\"article:published_time\" content=\"2017-12-19T15:33:44+00:00\" \/>\n<meta name=\"author\" content=\"Admin Swissholdings\" \/>\n<meta name=\"twitter:card\" content=\"summary_large_image\" \/>\n<meta name=\"twitter:label1\" content=\"Written by\" \/>\n\t<meta name=\"twitter:data1\" content=\"Admin Swissholdings\" \/>\n<script type=\"application\/ld+json\" class=\"yoast-schema-graph\">{\"@context\":\"https:\/\/schema.org\",\"@graph\":[{\"@type\":\"WebPage\",\"@id\":\"https:\/\/swissholdings.ch\/en\/tages-anzeiger-interview-mit-der-basler-finanzdirektorin-eva-herzog\/\",\"url\":\"https:\/\/swissholdings.ch\/en\/tages-anzeiger-interview-mit-der-basler-finanzdirektorin-eva-herzog\/\",\"name\":\"Tages-Anzeiger: Interview mit der Basler Finanzdirektorin Eva Herzog - Swissholdings EN\",\"isPartOf\":{\"@id\":\"https:\/\/swissholdings.ch\/en\/#website\"},\"datePublished\":\"2017-12-19T15:33:44+00:00\",\"author\":{\"@id\":\"https:\/\/swissholdings.ch\/en\/#\/schema\/person\/630786998c97b397008a5c6891cf619f\"},\"breadcrumb\":{\"@id\":\"https:\/\/swissholdings.ch\/en\/tages-anzeiger-interview-mit-der-basler-finanzdirektorin-eva-herzog\/#breadcrumb\"},\"inLanguage\":\"en-US\",\"potentialAction\":[{\"@type\":\"ReadAction\",\"target\":[\"https:\/\/swissholdings.ch\/en\/tages-anzeiger-interview-mit-der-basler-finanzdirektorin-eva-herzog\/\"]}]},{\"@type\":\"BreadcrumbList\",\"@id\":\"https:\/\/swissholdings.ch\/en\/tages-anzeiger-interview-mit-der-basler-finanzdirektorin-eva-herzog\/#breadcrumb\",\"itemListElement\":[{\"@type\":\"ListItem\",\"position\":1,\"name\":\"Home\",\"item\":\"https:\/\/swissholdings.ch\/en\/\"},{\"@type\":\"ListItem\",\"position\":2,\"name\":\"Tages-Anzeiger: Interview mit der Basler Finanzdirektorin Eva Herzog\"}]},{\"@type\":\"WebSite\",\"@id\":\"https:\/\/swissholdings.ch\/en\/#website\",\"url\":\"https:\/\/swissholdings.ch\/en\/\",\"name\":\"Swissholdings EN\",\"description\":\"Federation of Industrial and Service groups in Switzerland\",\"potentialAction\":[{\"@type\":\"SearchAction\",\"target\":{\"@type\":\"EntryPoint\",\"urlTemplate\":\"https:\/\/swissholdings.ch\/en\/?s={search_term_string}\"},\"query-input\":{\"@type\":\"PropertyValueSpecification\",\"valueRequired\":true,\"valueName\":\"search_term_string\"}}],\"inLanguage\":\"en-US\"},{\"@type\":\"Person\",\"@id\":\"https:\/\/swissholdings.ch\/en\/#\/schema\/person\/630786998c97b397008a5c6891cf619f\",\"name\":\"Admin Swissholdings\",\"image\":{\"@type\":\"ImageObject\",\"inLanguage\":\"en-US\",\"@id\":\"https:\/\/swissholdings.ch\/en\/#\/schema\/person\/image\/\",\"url\":\"https:\/\/secure.gravatar.com\/avatar\/9d0243dfb36109e642efbe308041d83c?s=96&d=mm&r=g\",\"contentUrl\":\"https:\/\/secure.gravatar.com\/avatar\/9d0243dfb36109e642efbe308041d83c?s=96&d=mm&r=g\",\"caption\":\"Admin Swissholdings\"},\"description\":\"Administrator Swissholdings, 079 999 99 99, info@swissholdings.ch\",\"url\":\"https:\/\/swissholdings.ch\/en\/author\/adminswissholdingsdev\/\"}]}<\/script>\n<!-- \/ Yoast SEO plugin. -->","yoast_head_json":{"title":"Tages-Anzeiger: Interview mit der Basler Finanzdirektorin Eva Herzog - Swissholdings EN","robots":{"index":"index","follow":"follow","max-snippet":"max-snippet:-1","max-image-preview":"max-image-preview:large","max-video-preview":"max-video-preview:-1"},"canonical":"https:\/\/swissholdings.ch\/en\/tages-anzeiger-interview-mit-der-basler-finanzdirektorin-eva-herzog\/","og_locale":"en_US","og_type":"article","og_title":"Tages-Anzeiger: Interview mit der Basler Finanzdirektorin Eva Herzog - Swissholdings EN","og_description":"Die Kantone akzeptieren das nicht Eva Herzog, Vizepr\u00e4sidentin der kantonalen Finanzdirektoren, setzt sich f\u00fcr eine ganzheitliche neue Steuerreform ein. Unter einer Aufspaltung h\u00e4tten insbesondere Z\u00fcrich und Basel zu leiden. Artikel im Tagesanzeiger vom 19. Dezember 2017 (PDF)","og_url":"https:\/\/swissholdings.ch\/en\/tages-anzeiger-interview-mit-der-basler-finanzdirektorin-eva-herzog\/","og_site_name":"Swissholdings EN","article_published_time":"2017-12-19T15:33:44+00:00","author":"Admin Swissholdings","twitter_card":"summary_large_image","twitter_misc":{"Written by":"Admin Swissholdings"},"schema":{"@context":"https:\/\/schema.org","@graph":[{"@type":"WebPage","@id":"https:\/\/swissholdings.ch\/en\/tages-anzeiger-interview-mit-der-basler-finanzdirektorin-eva-herzog\/","url":"https:\/\/swissholdings.ch\/en\/tages-anzeiger-interview-mit-der-basler-finanzdirektorin-eva-herzog\/","name":"Tages-Anzeiger: Interview mit der Basler Finanzdirektorin Eva Herzog - Swissholdings EN","isPartOf":{"@id":"https:\/\/swissholdings.ch\/en\/#website"},"datePublished":"2017-12-19T15:33:44+00:00","author":{"@id":"https:\/\/swissholdings.ch\/en\/#\/schema\/person\/630786998c97b397008a5c6891cf619f"},"breadcrumb":{"@id":"https:\/\/swissholdings.ch\/en\/tages-anzeiger-interview-mit-der-basler-finanzdirektorin-eva-herzog\/#breadcrumb"},"inLanguage":"en-US","potentialAction":[{"@type":"ReadAction","target":["https:\/\/swissholdings.ch\/en\/tages-anzeiger-interview-mit-der-basler-finanzdirektorin-eva-herzog\/"]}]},{"@type":"BreadcrumbList","@id":"https:\/\/swissholdings.ch\/en\/tages-anzeiger-interview-mit-der-basler-finanzdirektorin-eva-herzog\/#breadcrumb","itemListElement":[{"@type":"ListItem","position":1,"name":"Home","item":"https:\/\/swissholdings.ch\/en\/"},{"@type":"ListItem","position":2,"name":"Tages-Anzeiger: Interview mit der Basler Finanzdirektorin Eva Herzog"}]},{"@type":"WebSite","@id":"https:\/\/swissholdings.ch\/en\/#website","url":"https:\/\/swissholdings.ch\/en\/","name":"Swissholdings EN","description":"Federation of Industrial and Service groups in Switzerland","potentialAction":[{"@type":"SearchAction","target":{"@type":"EntryPoint","urlTemplate":"https:\/\/swissholdings.ch\/en\/?s={search_term_string}"},"query-input":{"@type":"PropertyValueSpecification","valueRequired":true,"valueName":"search_term_string"}}],"inLanguage":"en-US"},{"@type":"Person","@id":"https:\/\/swissholdings.ch\/en\/#\/schema\/person\/630786998c97b397008a5c6891cf619f","name":"Admin Swissholdings","image":{"@type":"ImageObject","inLanguage":"en-US","@id":"https:\/\/swissholdings.ch\/en\/#\/schema\/person\/image\/","url":"https:\/\/secure.gravatar.com\/avatar\/9d0243dfb36109e642efbe308041d83c?s=96&d=mm&r=g","contentUrl":"https:\/\/secure.gravatar.com\/avatar\/9d0243dfb36109e642efbe308041d83c?s=96&d=mm&r=g","caption":"Admin Swissholdings"},"description":"Administrator Swissholdings, 079 999 99 99, info@swissholdings.ch","url":"https:\/\/swissholdings.ch\/en\/author\/adminswissholdingsdev\/"}]}},"_links":{"self":[{"href":"https:\/\/swissholdings.ch\/en\/wp-json\/wp\/v2\/posts\/100001537","targetHints":{"allow":["GET"]}}],"collection":[{"href":"https:\/\/swissholdings.ch\/en\/wp-json\/wp\/v2\/posts"}],"about":[{"href":"https:\/\/swissholdings.ch\/en\/wp-json\/wp\/v2\/types\/post"}],"author":[{"embeddable":true,"href":"https:\/\/swissholdings.ch\/en\/wp-json\/wp\/v2\/users\/1"}],"replies":[{"embeddable":true,"href":"https:\/\/swissholdings.ch\/en\/wp-json\/wp\/v2\/comments?post=100001537"}],"version-history":[{"count":0,"href":"https:\/\/swissholdings.ch\/en\/wp-json\/wp\/v2\/posts\/100001537\/revisions"}],"wp:attachment":[{"href":"https:\/\/swissholdings.ch\/en\/wp-json\/wp\/v2\/media?parent=100001537"}],"wp:term":[{"taxonomy":"category","embeddable":true,"href":"https:\/\/swissholdings.ch\/en\/wp-json\/wp\/v2\/categories?post=100001537"},{"taxonomy":"post_tag","embeddable":true,"href":"https:\/\/swissholdings.ch\/en\/wp-json\/wp\/v2\/tags?post=100001537"}],"curies":[{"name":"wp","href":"https:\/\/api.w.org\/{rel}","templated":true}]}}